{"id":1094,"date":"2017-05-30T19:02:53","date_gmt":"2017-05-30T19:02:53","guid":{"rendered":"http:\/\/agrar-nenzing.at\/?p=1094"},"modified":"2017-05-30T19:04:42","modified_gmt":"2017-05-30T19:04:42","slug":"alpauffahrt-alpe-parpfienz","status":"publish","type":"post","link":"https:\/\/agrar-nenzing.at\/?p=1094","title":{"rendered":"Alpauffahrt Alpe Parpfienz"},"content":{"rendered":"<p>Auch mit erh\u00f6htem Traktorverkehr ist\u00a0am Samstag, den 3. Juni auf dem G\u00fcterweg Brand Eggen-Mais\u00e4\u00df zu rechnen.<\/p>\n","protected":false},"excerpt":{"rendered":"<p>Auch mit erh\u00f6htem Traktorverkehr ist\u00a0am Samstag, den 3. Juni auf dem G\u00fcterweg Brand Eggen-Mais\u00e4\u00df zu rechnen.<\/p>\n","protected":false},"author":2,"featured_media":859,"comment_status":"open","ping_status":"closed","sticky":false,"template":"","format":"standard","meta":{"footnotes":""},"categories":[11,10],"tags":[],"class_list":["post-1094","post","type-post","status-publish","format-standard","has-post-thumbnail","hentry","category-alpen","category-landwirte"],"_links":{"self":[{"href":"https:\/\/agrar-nenzing.at\/index.php?rest_route=\/wp\/v2\/posts\/1094","targetHints":{"allow":["GET"]}}],"collection":[{"href":"https:\/\/agrar-nenzing.at\/index.php?rest_route=\/wp\/v2\/posts"}],"about":[{"href":"https:\/\/agrar-nenzing.at\/index.php?rest_route=\/wp\/v2\/types\/post"}],"author":[{"embeddable":true,"href":"https:\/\/agrar-nenzing.at\/index.php?rest_route=\/wp\/v2\/users\/2"}],"replies":[{"embeddable":true,"href":"https:\/\/agrar-nenzing.at\/index.php?rest_route=%2Fwp%2Fv2%2Fcomments&post=1094"}],"version-history":[{"count":5,"href":"https:\/\/agrar-nenzing.at\/index.php?rest_route=\/wp\/v2\/posts\/1094\/revisions"}],"predecessor-version":[{"id":1101,"href":"https:\/\/agrar-nenzing.at\/index.php?rest_route=\/wp\/v2\/posts\/1094\/revisions\/1101"}],"wp:featuredmedia":[{"embeddable":true,"href":"https:\/\/agrar-nenzing.at\/index.php?rest_route=\/wp\/v2\/media\/859"}],"wp:attachment":[{"href":"https:\/\/agrar-nenzing.at\/index.php?rest_route=%2Fwp%2Fv2%2Fmedia&parent=1094"}],"wp:term":[{"taxonomy":"category","embeddable":true,"href":"https:\/\/agrar-nenzing.at\/index.php?rest_route=%2Fwp%2Fv2%2Fcategories&post=1094"},{"taxonomy":"post_tag","embeddable":true,"href":"https:\/\/agrar-nenzing.at\/index.php?rest_route=%2Fwp%2Fv2%2Ftags&post=1094"}],"curies":[{"name":"wp","href":"https:\/\/api.w.org\/{rel}","templated":true}]}}