{"id":126,"date":"2017-01-04T11:33:43","date_gmt":"2017-01-04T11:33:43","guid":{"rendered":"http:\/\/agrar-nenzing.at\/?p=126"},"modified":"2017-02-28T09:50:00","modified_gmt":"2017-02-28T09:50:00","slug":"ausschusswahlen-2016","status":"publish","type":"post","link":"https:\/\/agrar-nenzing.at\/?p=126","title":{"rendered":"Ausschusswahlen 2016"},"content":{"rendered":"<p>Bei den Wahlen in den Ausschuss f\u00fcr die kommenden vier Jahre wurden von knapp 250 Mitgliedern 13 Ausschussmitglieder bzw. Ersatzmitglieder gew\u00e4hlt. In der der konstituierenden Sitzung von 28.11.2016 wurde Josef Latzer wieder zum Obmann gew\u00e4hlt. Ebenso wurden die Vorstandsmitglieder Hannes Albrecht, Johann Burtscher und Erich DeCet (Mittelberg-Gurtis) wiedergew\u00e4hlt. Weiters im Vorstand ist Vizeb\u00fcrgermeister Herbert Greussing als Obmann Stellvertreter, der gem\u00e4\u00df Statut von der Marktgemeinde Nenzing entsendet ist.<\/p>\n<p><a href=\"http:\/\/agrar-nenzing.at\/?page_id=208\">mehr <\/a><\/p>\n","protected":false},"excerpt":{"rendered":"<p>Bei den Wahlen in den Ausschuss f\u00fcr die kommenden vier Jahre wurden von knapp 250 Mitgliedern 13 Ausschussmitglieder bzw. Ersatzmitglieder gew\u00e4hlt. In der der konstituierenden Sitzung von 28.11.2016 wurde Josef Latzer wieder zum Obmann gew\u00e4hlt. Ebenso wurden die Vorstandsmitglieder Hannes Albrecht, Johann Burtscher und Erich DeCet (Mittelberg-Gurtis) wiedergew\u00e4hlt. Weiters im Vorstand ist Vizeb\u00fcrgermeister Herbert Greussing &hellip; <\/p>\n<p class=\"link-more\"><a href=\"https:\/\/agrar-nenzing.at\/?p=126\" class=\"more-link\"><span class=\"screen-reader-text\">\u201eAusschusswahlen 2016\u201c <\/span>weiterlesen<\/a><\/p>\n","protected":false},"author":75,"featured_media":133,"comment_status":"open","ping_status":"closed","sticky":false,"template":"","format":"standard","meta":{"footnotes":""},"categories":[2],"tags":[27,25,26],"class_list":["post-126","post","type-post","status-publish","format-standard","has-post-thumbnail","hentry","category-mitglieder","tag-aufsichtsrat","tag-ausschuss","tag-vorstand"],"_links":{"self":[{"href":"https:\/\/agrar-nenzing.at\/index.php?rest_route=\/wp\/v2\/posts\/126","targetHints":{"allow":["GET"]}}],"collection":[{"href":"https:\/\/agrar-nenzing.at\/index.php?rest_route=\/wp\/v2\/posts"}],"about":[{"href":"https:\/\/agrar-nenzing.at\/index.php?rest_route=\/wp\/v2\/types\/post"}],"author":[{"embeddable":true,"href":"https:\/\/agrar-nenzing.at\/index.php?rest_route=\/wp\/v2\/users\/75"}],"replies":[{"embeddable":true,"href":"https:\/\/agrar-nenzing.at\/index.php?rest_route=%2Fwp%2Fv2%2Fcomments&post=126"}],"version-history":[{"count":5,"href":"https:\/\/agrar-nenzing.at\/index.php?rest_route=\/wp\/v2\/posts\/126\/revisions"}],"predecessor-version":[{"id":530,"href":"https:\/\/agrar-nenzing.at\/index.php?rest_route=\/wp\/v2\/posts\/126\/revisions\/530"}],"wp:featuredmedia":[{"embeddable":true,"href":"https:\/\/agrar-nenzing.at\/index.php?rest_route=\/wp\/v2\/media\/133"}],"wp:attachment":[{"href":"https:\/\/agrar-nenzing.at\/index.php?rest_route=%2Fwp%2Fv2%2Fmedia&parent=126"}],"wp:term":[{"taxonomy":"category","embeddable":true,"href":"https:\/\/agrar-nenzing.at\/index.php?rest_route=%2Fwp%2Fv2%2Fcategories&post=126"},{"taxonomy":"post_tag","embeddable":true,"href":"https:\/\/agrar-nenzing.at\/index.php?rest_route=%2Fwp%2Fv2%2Ftags&post=126"}],"curies":[{"name":"wp","href":"https:\/\/api.w.org\/{rel}","templated":true}]}}