{"id":1309,"date":"2017-07-24T08:20:21","date_gmt":"2017-07-24T08:20:21","guid":{"rendered":"http:\/\/agrar-nenzing.at\/?p=1309"},"modified":"2017-07-25T06:01:32","modified_gmt":"2017-07-25T06:01:32","slug":"zirben-begehung-pflege-und-fest","status":"publish","type":"post","link":"https:\/\/agrar-nenzing.at\/?p=1309","title":{"rendered":"Zirben &#8211; Begehung, Pflege  und Fest"},"content":{"rendered":"<div id='gallery-1' class='gallery galleryid-1309 gallery-columns-3 gallery-size-thumbnail'><figure class='gallery-item'>\n\t\t\t<div class='gallery-icon landscape'>\n\t\t\t\t<a href='https:\/\/agrar-nenzing.at\/?attachment_id=1316'><img loading=\"lazy\" decoding=\"async\" width=\"150\" height=\"150\" src=\"https:\/\/agrar-nenzing.at\/wp-content\/uploads\/2017\/07\/1280904-k-150x150.jpg\" class=\"attachment-thumbnail size-thumbnail\" alt=\"\" srcset=\"https:\/\/agrar-nenzing.at\/wp-content\/uploads\/2017\/07\/1280904-k-150x150.jpg 150w, https:\/\/agrar-nenzing.at\/wp-content\/uploads\/2017\/07\/1280904-k-100x100.jpg 100w\" sizes=\"auto, 100vw\" \/><\/a>\n\t\t\t<\/div><\/figure><figure class='gallery-item'>\n\t\t\t<div class='gallery-icon landscape'>\n\t\t\t\t<a href='https:\/\/agrar-nenzing.at\/?attachment_id=1314'><img loading=\"lazy\" decoding=\"async\" width=\"150\" height=\"150\" src=\"https:\/\/agrar-nenzing.at\/wp-content\/uploads\/2017\/07\/1280874_k-150x150.jpg\" class=\"attachment-thumbnail size-thumbnail\" alt=\"\" srcset=\"https:\/\/agrar-nenzing.at\/wp-content\/uploads\/2017\/07\/1280874_k-150x150.jpg 150w, https:\/\/agrar-nenzing.at\/wp-content\/uploads\/2017\/07\/1280874_k-100x100.jpg 100w\" sizes=\"auto, 100vw\" \/><\/a>\n\t\t\t<\/div><\/figure><figure class='gallery-item'>\n\t\t\t<div class='gallery-icon landscape'>\n\t\t\t\t<a href='https:\/\/agrar-nenzing.at\/?attachment_id=1313'><img loading=\"lazy\" decoding=\"async\" width=\"150\" height=\"150\" src=\"https:\/\/agrar-nenzing.at\/wp-content\/uploads\/2017\/07\/1280870_k-150x150.jpg\" class=\"attachment-thumbnail size-thumbnail\" alt=\"\" srcset=\"https:\/\/agrar-nenzing.at\/wp-content\/uploads\/2017\/07\/1280870_k-150x150.jpg 150w, https:\/\/agrar-nenzing.at\/wp-content\/uploads\/2017\/07\/1280870_k-100x100.jpg 100w\" sizes=\"auto, 100vw\" \/><\/a>\n\t\t\t<\/div><\/figure><figure class='gallery-item'>\n\t\t\t<div class='gallery-icon landscape'>\n\t\t\t\t<a href='https:\/\/agrar-nenzing.at\/?attachment_id=1312'><img loading=\"lazy\" decoding=\"async\" width=\"150\" height=\"150\" src=\"https:\/\/agrar-nenzing.at\/wp-content\/uploads\/2017\/07\/1280861_k-150x150.jpg\" class=\"attachment-thumbnail size-thumbnail\" alt=\"\" srcset=\"https:\/\/agrar-nenzing.at\/wp-content\/uploads\/2017\/07\/1280861_k-150x150.jpg 150w, https:\/\/agrar-nenzing.at\/wp-content\/uploads\/2017\/07\/1280861_k-100x100.jpg 100w\" sizes=\"auto, 100vw\" \/><\/a>\n\t\t\t<\/div><\/figure><figure class='gallery-item'>\n\t\t\t<div class='gallery-icon landscape'>\n\t\t\t\t<a href='https:\/\/agrar-nenzing.at\/?attachment_id=1311'><img loading=\"lazy\" decoding=\"async\" width=\"150\" height=\"150\" src=\"https:\/\/agrar-nenzing.at\/wp-content\/uploads\/2017\/07\/1280848_k-150x150.jpg\" class=\"attachment-thumbnail size-thumbnail\" alt=\"\" srcset=\"https:\/\/agrar-nenzing.at\/wp-content\/uploads\/2017\/07\/1280848_k-150x150.jpg 150w, https:\/\/agrar-nenzing.at\/wp-content\/uploads\/2017\/07\/1280848_k-100x100.jpg 100w\" sizes=\"auto, 100vw\" \/><\/a>\n\t\t\t<\/div><\/figure><figure class='gallery-item'>\n\t\t\t<div class='gallery-icon landscape'>\n\t\t\t\t<a href='https:\/\/agrar-nenzing.at\/?attachment_id=1310'><img loading=\"lazy\" decoding=\"async\" width=\"150\" height=\"150\" src=\"https:\/\/agrar-nenzing.at\/wp-content\/uploads\/2017\/07\/1280847_k-150x150.jpg\" class=\"attachment-thumbnail size-thumbnail\" alt=\"\" srcset=\"https:\/\/agrar-nenzing.at\/wp-content\/uploads\/2017\/07\/1280847_k-150x150.jpg 150w, https:\/\/agrar-nenzing.at\/wp-content\/uploads\/2017\/07\/1280847_k-100x100.jpg 100w\" sizes=\"auto, 100vw\" \/><\/a>\n\t\t\t<\/div><\/figure>\n\t\t<\/div>\n\n<p>Die Agrargemeinschaft Nenzing konnte einen Anerkennungspreis im Rahmen des \u201eVorarlberger Schutzwaldpreises 2017\u201c in der Kategorie \u201eGesellschaft\u201c f\u00fcr unser Projekt <strong>\u201e30 Jahre Zirbenaufforstung Pan\u00fcl\u201c <\/strong>entgegennehmen.\u00a0 Am 22. Juli kamen die beteiligten Vereine auf Einladung der\u00a0Agrargemeinschaft Nenzing zusammen, es wurde\u00a0der\u00a0Bestand gesichtet \u00a0und kleinere Pflegema\u00dfnahmen durchgef\u00fchrt.\u00a0 Anschlie\u00dfend\u00a0lud Obmann Josef Latzer als Dankesch\u00f6n zu einem\u00a0gem\u00fctlichem Hock bei der Alte S\u00e4ge im Nenzinger Himmel ein, wo wir vom S\u00e4gerteam und dem Alpengasthof Gamperdona vorz\u00fcglich bewirtet wurden.<\/p>\n<p>&nbsp;<\/p>\n","protected":false},"excerpt":{"rendered":"<p>Die Agrargemeinschaft Nenzing konnte einen Anerkennungspreis im Rahmen des \u201eVorarlberger Schutzwaldpreises 2017\u201c in der Kategorie \u201eGesellschaft\u201c f\u00fcr unser Projekt \u201e30 Jahre Zirbenaufforstung Pan\u00fcl\u201c entgegennehmen.\u00a0 Am 22. Juli kamen die beteiligten Vereine auf Einladung der\u00a0Agrargemeinschaft Nenzing zusammen, es wurde\u00a0der\u00a0Bestand gesichtet \u00a0und kleinere Pflegema\u00dfnahmen durchgef\u00fchrt.\u00a0 Anschlie\u00dfend\u00a0lud Obmann Josef Latzer als Dankesch\u00f6n zu einem\u00a0gem\u00fctlichem Hock bei der Alte &hellip; <\/p>\n<p class=\"link-more\"><a href=\"https:\/\/agrar-nenzing.at\/?p=1309\" class=\"more-link\"><span class=\"screen-reader-text\">\u201eZirben &#8211; Begehung, Pflege  und Fest\u201c <\/span>weiterlesen<\/a><\/p>\n","protected":false},"author":75,"featured_media":1315,"comment_status":"open","ping_status":"closed","sticky":false,"template":"","format":"standard","meta":{"footnotes":""},"categories":[36],"tags":[],"class_list":["post-1309","post","type-post","status-publish","format-standard","has-post-thumbnail","hentry","category-wald"],"_links":{"self":[{"href":"https:\/\/agrar-nenzing.at\/index.php?rest_route=\/wp\/v2\/posts\/1309","targetHints":{"allow":["GET"]}}],"collection":[{"href":"https:\/\/agrar-nenzing.at\/index.php?rest_route=\/wp\/v2\/posts"}],"about":[{"href":"https:\/\/agrar-nenzing.at\/index.php?rest_route=\/wp\/v2\/types\/post"}],"author":[{"embeddable":true,"href":"https:\/\/agrar-nenzing.at\/index.php?rest_route=\/wp\/v2\/users\/75"}],"replies":[{"embeddable":true,"href":"https:\/\/agrar-nenzing.at\/index.php?rest_route=%2Fwp%2Fv2%2Fcomments&post=1309"}],"version-history":[{"count":5,"href":"https:\/\/agrar-nenzing.at\/index.php?rest_route=\/wp\/v2\/posts\/1309\/revisions"}],"predecessor-version":[{"id":1325,"href":"https:\/\/agrar-nenzing.at\/index.php?rest_route=\/wp\/v2\/posts\/1309\/revisions\/1325"}],"wp:featuredmedia":[{"embeddable":true,"href":"https:\/\/agrar-nenzing.at\/index.php?rest_route=\/wp\/v2\/media\/1315"}],"wp:attachment":[{"href":"https:\/\/agrar-nenzing.at\/index.php?rest_route=%2Fwp%2Fv2%2Fmedia&parent=1309"}],"wp:term":[{"taxonomy":"category","embeddable":true,"href":"https:\/\/agrar-nenzing.at\/index.php?rest_route=%2Fwp%2Fv2%2Fcategories&post=1309"},{"taxonomy":"post_tag","embeddable":true,"href":"https:\/\/agrar-nenzing.at\/index.php?rest_route=%2Fwp%2Fv2%2Ftags&post=1309"}],"curies":[{"name":"wp","href":"https:\/\/api.w.org\/{rel}","templated":true}]}}