{"id":1936,"date":"2018-04-03T08:23:33","date_gmt":"2018-04-03T08:23:33","guid":{"rendered":"http:\/\/agrar-nenzing.at\/?p=1936"},"modified":"2018-04-03T08:28:27","modified_gmt":"2018-04-03T08:28:27","slug":"strassensperre-zwischen-alpencamping-und-latz","status":"publish","type":"post","link":"https:\/\/agrar-nenzing.at\/?p=1936","title":{"rendered":"Stra\u00dfensperre zwischen Alpencamping und Latz"},"content":{"rendered":"<p>Wegen dringender B\u00f6schungssicherungs-Arbeiten sperrt das Land Vorarlberg unmittelbar oberhalb der Zufahrt zum \u201eAlpencamping Nenzing\u201c die L 67, Gampel\u00fcner Stra\u00dfe. Der Verkehr wird \u00fcber die Gemeinde Frastanz umgeleitet. Die Bauarbeiten werden von der Firma J\u00e4gerbau, Schruns, durchgef\u00fchrt.<\/p>\n<p>Beginn: 9.4.2018, 07.00 h<br \/>\nEnde:\u00a0\u00a0 27.4.2018, 17.00 h<\/p>\n<p>Da sich die Termine witterungsbedingt \u00e4ndern k\u00f6nnen, beachten Sie bitte die Beschilderung.<\/p>\n<p>Dies ist eine Information des Bauamts der Marktgemeinde Nenzing<\/p>\n","protected":false},"excerpt":{"rendered":"<p>Wegen dringender B\u00f6schungssicherungs-Arbeiten sperrt das Land Vorarlberg unmittelbar oberhalb der Zufahrt zum \u201eAlpencamping Nenzing\u201c die L 67, Gampel\u00fcner Stra\u00dfe. Der Verkehr wird \u00fcber die Gemeinde Frastanz umgeleitet. Die Bauarbeiten werden von der Firma J\u00e4gerbau, Schruns, durchgef\u00fchrt. Beginn: 9.4.2018, 07.00 h Ende:\u00a0\u00a0 27.4.2018, 17.00 h Da sich die Termine witterungsbedingt \u00e4ndern k\u00f6nnen, beachten Sie bitte die &hellip; <\/p>\n<p class=\"link-more\"><a href=\"https:\/\/agrar-nenzing.at\/?p=1936\" class=\"more-link\"><span class=\"screen-reader-text\">\u201eStra\u00dfensperre zwischen Alpencamping und Latz\u201c <\/span>weiterlesen<\/a><\/p>\n","protected":false},"author":75,"featured_media":0,"comment_status":"open","ping_status":"closed","sticky":false,"template":"","format":"standard","meta":{"footnotes":""},"categories":[39],"tags":[],"class_list":["post-1936","post","type-post","status-publish","format-standard","hentry","category-gemeinde"],"_links":{"self":[{"href":"https:\/\/agrar-nenzing.at\/index.php?rest_route=\/wp\/v2\/posts\/1936","targetHints":{"allow":["GET"]}}],"collection":[{"href":"https:\/\/agrar-nenzing.at\/index.php?rest_route=\/wp\/v2\/posts"}],"about":[{"href":"https:\/\/agrar-nenzing.at\/index.php?rest_route=\/wp\/v2\/types\/post"}],"author":[{"embeddable":true,"href":"https:\/\/agrar-nenzing.at\/index.php?rest_route=\/wp\/v2\/users\/75"}],"replies":[{"embeddable":true,"href":"https:\/\/agrar-nenzing.at\/index.php?rest_route=%2Fwp%2Fv2%2Fcomments&post=1936"}],"version-history":[{"count":1,"href":"https:\/\/agrar-nenzing.at\/index.php?rest_route=\/wp\/v2\/posts\/1936\/revisions"}],"predecessor-version":[{"id":1937,"href":"https:\/\/agrar-nenzing.at\/index.php?rest_route=\/wp\/v2\/posts\/1936\/revisions\/1937"}],"wp:attachment":[{"href":"https:\/\/agrar-nenzing.at\/index.php?rest_route=%2Fwp%2Fv2%2Fmedia&parent=1936"}],"wp:term":[{"taxonomy":"category","embeddable":true,"href":"https:\/\/agrar-nenzing.at\/index.php?rest_route=%2Fwp%2Fv2%2Fcategories&post=1936"},{"taxonomy":"post_tag","embeddable":true,"href":"https:\/\/agrar-nenzing.at\/index.php?rest_route=%2Fwp%2Fv2%2Ftags&post=1936"}],"curies":[{"name":"wp","href":"https:\/\/api.w.org\/{rel}","templated":true}]}}