{"id":1940,"date":"2018-04-04T07:02:05","date_gmt":"2018-04-04T07:02:05","guid":{"rendered":"http:\/\/agrar-nenzing.at\/?p=1940"},"modified":"2018-04-10T09:43:37","modified_gmt":"2018-04-10T09:43:37","slug":"anerkennungspreis-fuer-archiv-der-marktgemeinde-nenzing","status":"publish","type":"post","link":"https:\/\/agrar-nenzing.at\/?p=1940","title":{"rendered":"Anerkennungspreis f\u00fcr Archiv der Marktgemeinde Nenzing"},"content":{"rendered":"<p>Im Rahmen der heurigen Vorarlberger Schutzwaldtagung konnte das Archiv der Marktgemeinde Nenzing einen Anerkennungspreis in der Kategorie \u00d6ffentlichkeitsarbeit mit dem Film \u00fcber die &#8222;Fl\u00f6\u00dferei in Nenzing&#8220; erreichen.<\/p>\n<p>Der Film ist ein eindr\u00fcckliches Dokument \u00fcber den historischen Transport des Holzes aus dem Gamperdonatal f\u00fcr die Versorgung der Bev\u00f6lkerung mit Holz.<\/p>\n<p>Die Agrargemeinschaft Nenzing hat das Projekt gerne unterst\u00fctzt und gratuliert Thomas Gamon und Alexander Kaiser mit seinem Filmteam sowie den Zeitzeugen Hans Kager, Walter Reinher und Otto Meyer ganz herzlich.<\/p>\n<p>&nbsp;<\/p>\n<p><img loading=\"lazy\" decoding=\"async\" class=\"alignnone wp-image-1964 size-large\" src=\"http:\/\/agrar-nenzing.at\/wp-content\/uploads\/2018\/04\/schutzwaldpreis_anerkennungspreis2018-1024x569.jpg\" alt=\"\" width=\"525\" height=\"292\" srcset=\"https:\/\/agrar-nenzing.at\/wp-content\/uploads\/2018\/04\/schutzwaldpreis_anerkennungspreis2018-1024x569.jpg 1024w, https:\/\/agrar-nenzing.at\/wp-content\/uploads\/2018\/04\/schutzwaldpreis_anerkennungspreis2018-300x167.jpg 300w, https:\/\/agrar-nenzing.at\/wp-content\/uploads\/2018\/04\/schutzwaldpreis_anerkennungspreis2018-768x427.jpg 768w, https:\/\/agrar-nenzing.at\/wp-content\/uploads\/2018\/04\/schutzwaldpreis_anerkennungspreis2018.jpg 1344w\" sizes=\"auto, (max-width: 525px) 100vw, 525px\" \/><img loading=\"lazy\" decoding=\"async\" class=\"alignnone wp-image-1956 size-large\" src=\"http:\/\/agrar-nenzing.at\/wp-content\/uploads\/2018\/04\/Ehrung-Schutzwald_Flosser-1024x605.jpg\" alt=\"\" width=\"525\" height=\"310\" srcset=\"https:\/\/agrar-nenzing.at\/wp-content\/uploads\/2018\/04\/Ehrung-Schutzwald_Flosser-1024x605.jpg 1024w, https:\/\/agrar-nenzing.at\/wp-content\/uploads\/2018\/04\/Ehrung-Schutzwald_Flosser-300x177.jpg 300w, https:\/\/agrar-nenzing.at\/wp-content\/uploads\/2018\/04\/Ehrung-Schutzwald_Flosser-768x454.jpg 768w, https:\/\/agrar-nenzing.at\/wp-content\/uploads\/2018\/04\/Ehrung-Schutzwald_Flosser.jpg 1461w\" sizes=\"auto, (max-width: 525px) 100vw, 525px\" \/><\/p>\n<p>Link zum Film:<\/p>\n<p><a href=\"https:\/\/vimeo.com\/251783029\">Die Fl\u00f6\u00dfer aus dem Gamperdonatal<\/a> from <a href=\"https:\/\/vimeo.com\/user43648718\">Alexander Kaiser<\/a> on <a href=\"https:\/\/vimeo.com\">Vimeo<\/a>.<\/p>\n<p>&nbsp;<\/p>\n","protected":false},"excerpt":{"rendered":"<p>Im Rahmen der heurigen Vorarlberger Schutzwaldtagung konnte das Archiv der Marktgemeinde Nenzing einen Anerkennungspreis in der Kategorie \u00d6ffentlichkeitsarbeit mit dem Film \u00fcber die &#8222;Fl\u00f6\u00dferei in Nenzing&#8220; erreichen. Der Film ist ein eindr\u00fcckliches Dokument \u00fcber den historischen Transport des Holzes aus dem Gamperdonatal f\u00fcr die Versorgung der Bev\u00f6lkerung mit Holz. Die Agrargemeinschaft Nenzing hat das Projekt &hellip; <\/p>\n<p class=\"link-more\"><a href=\"https:\/\/agrar-nenzing.at\/?p=1940\" class=\"more-link\"><span class=\"screen-reader-text\">\u201eAnerkennungspreis f\u00fcr Archiv der Marktgemeinde Nenzing\u201c <\/span>weiterlesen<\/a><\/p>\n","protected":false},"author":75,"featured_media":1855,"comment_status":"open","ping_status":"closed","sticky":false,"template":"","format":"standard","meta":{"footnotes":""},"categories":[2],"tags":[],"class_list":["post-1940","post","type-post","status-publish","format-standard","has-post-thumbnail","hentry","category-mitglieder"],"_links":{"self":[{"href":"https:\/\/agrar-nenzing.at\/index.php?rest_route=\/wp\/v2\/posts\/1940","targetHints":{"allow":["GET"]}}],"collection":[{"href":"https:\/\/agrar-nenzing.at\/index.php?rest_route=\/wp\/v2\/posts"}],"about":[{"href":"https:\/\/agrar-nenzing.at\/index.php?rest_route=\/wp\/v2\/types\/post"}],"author":[{"embeddable":true,"href":"https:\/\/agrar-nenzing.at\/index.php?rest_route=\/wp\/v2\/users\/75"}],"replies":[{"embeddable":true,"href":"https:\/\/agrar-nenzing.at\/index.php?rest_route=%2Fwp%2Fv2%2Fcomments&post=1940"}],"version-history":[{"count":5,"href":"https:\/\/agrar-nenzing.at\/index.php?rest_route=\/wp\/v2\/posts\/1940\/revisions"}],"predecessor-version":[{"id":1965,"href":"https:\/\/agrar-nenzing.at\/index.php?rest_route=\/wp\/v2\/posts\/1940\/revisions\/1965"}],"wp:featuredmedia":[{"embeddable":true,"href":"https:\/\/agrar-nenzing.at\/index.php?rest_route=\/wp\/v2\/media\/1855"}],"wp:attachment":[{"href":"https:\/\/agrar-nenzing.at\/index.php?rest_route=%2Fwp%2Fv2%2Fmedia&parent=1940"}],"wp:term":[{"taxonomy":"category","embeddable":true,"href":"https:\/\/agrar-nenzing.at\/index.php?rest_route=%2Fwp%2Fv2%2Fcategories&post=1940"},{"taxonomy":"post_tag","embeddable":true,"href":"https:\/\/agrar-nenzing.at\/index.php?rest_route=%2Fwp%2Fv2%2Ftags&post=1940"}],"curies":[{"name":"wp","href":"https:\/\/api.w.org\/{rel}","templated":true}]}}