{"id":2026,"date":"2018-06-29T08:04:55","date_gmt":"2018-06-29T08:04:55","guid":{"rendered":"http:\/\/agrar-nenzing.at\/?p=2026"},"modified":"2018-08-03T07:56:54","modified_gmt":"2018-08-03T07:56:54","slug":"biotopexkursionen-2018-blaues-juwel-alpenmannstreu","status":"publish","type":"post","link":"https:\/\/agrar-nenzing.at\/?p=2026","title":{"rendered":"Biotopexkursionen 2018 &#8211; Blaues Juwel Alpenmannstreu"},"content":{"rendered":"<h4><strong>Biotopexkursion \u201eBlaues Juwel Alpen-Mannstreu \u2013 Zukunft im Himmel?\u201c<\/strong><\/h4>\n<h5><strong>FrEITAG 20.07.2018 um 14.00 h beim Rathaus Nenzing, Anmeldung bei der Gemeinde Nenzing erforderlich<\/strong><\/h5>\n<p>Waren Sie schon einmal auf einer Biotopexkursion? Wenn sie die faszinierende Tier- und Pflanzenwelt direkt vor Ihrer Haust\u00fcre kennen lernen wollen, dann begeben Sie sich doch auf die Exkursion in Ihrer Gemeinde.<\/p>\n<p>Zusammen mit erfahrenen Fachleuten des Landes Vorarlbergs k\u00f6nnen Sie die sch\u00fctzenswerten Naturjuwele ihrer Heimat mit ihren charakteristischen Eigenschaften entdecken. Die Biotopexkursionen werden im Rahmen des Landesprogramms \u201eNaturvielfalt in der Gemeinde\u201c in Zusammenarbeit mit interessierten Vorarlberger Gemeinden angeboten.<\/p>\n<p>Unter der fachkundigen Leitung von Mag. Georg Amann und DI Siegbert Terzer haben Sie die M\u00f6glichkeit am Freitag, den 20.07.2018 dieses besondere Naturjuwel in der Gemeinde Nenzing zu erkunden:<\/p>\n<p>Zuhinterst im Nenzinger Himmel verbirgt sich eine europaweite Rarit\u00e4t: der Alpenmannstreu. Die einzigartige Distelart mit der auff\u00e4lligen blauen Bl\u00fcte findet im Gamperdonatal einen seiner seltenen Lebensr\u00e4ume vor, gesch\u00fctzt durch ein eigens ausgewiesenes Europaschutzgebiet. Biologe Georg Amann und Siegbert Terzer, Gesch\u00e4ftsf\u00fchrer der Agrargemeinschaft Nenzing, nehmen Sie mit auf eine Entdeckungsreise zu diesem Schatz des Himmels. Neben einem Einblick in die \u00d6kologie und die Herausforderungen im Erhalt der Art, werden auch das Spannungsfeld von Alp, Jagd, Tourismus und Naturschutz sowie die Zukunftsperspektiven des stark gef\u00e4hrdeten Alpenmannstreu thematisiert.<\/p>\n<p>F\u00fcr die Exkursion sind ca. 4 Stunden (inklusive Busfahrt) einzuplanen. Die Exkursion findet bei jeder Witterung statt. Da Busse f\u00fcr die Anfahrt in den Nenzinger Himmel organisiert werden m\u00fcssen, wird um Anmeldung bei der Marktgemeinde Nenzing (Tel.: 05525 622150 oder E-Mail: gemeinde@nenzing.at) bis Mo, 16.7. um 12 Uhr gebeten. Begrenzte Teilnehmerzahl. Die Marktgemeinde \u00fcbernimmt einen Teil der Fahrtkosten, f\u00fcr die Teilnehmenden betr\u00e4gt der Fahrtkostenbeitrag 10 \u20ac. Gute Kondition f\u00fcr den ca. einst\u00fcndigen Aufstieg zum Europaschutzgebiet ist erforderlich.<\/p>\n<p>Die Einladung richtet sich an alle Interessierten, die die Vielfalt der Natur in Vorarlberg und deren besondere Natursch\u00e4tze n\u00e4her kennenlernen m\u00f6chten!<\/p>\n<p>Veranstaltungstipp: Im Anschluss an die Exkursion (19 Uhr) findet im Senntum (Alpe) ein Vortrag zu Alpwirtschaft und Naturvielfalt im Nenzinger Himmel statt.<\/p>\n<h5><strong>Eckdaten zur Exkursion<\/strong><\/h5>\n<table>\n<tbody>\n<tr>\n<td width=\"151\">\n<h5><strong>Datum:<\/strong><\/h5>\n<\/td>\n<td width=\"456\">\n<h5><strong>Freitag, 20.07.2018<\/strong><\/h5>\n<\/td>\n<\/tr>\n<tr>\n<td width=\"151\">\n<h5><strong>Zeit:<\/strong><\/h5>\n<\/td>\n<td width=\"456\">\n<h5><strong>14:00 Uhr<\/strong><\/h5>\n<\/td>\n<\/tr>\n<tr>\n<td width=\"151\">\n<h5><strong>Treffpunkt:<\/strong><\/h5>\n<\/td>\n<td width=\"456\">\n<h5><strong>Rathaus Nenzing<\/strong><\/h5>\n<\/td>\n<\/tr>\n<tr>\n<td width=\"151\">\n<h5><strong>Exkursionsleitung:<\/strong><\/h5>\n<\/td>\n<td width=\"456\">\n<h5><strong>Georg Amann und Siegbert Terzer<\/strong><\/h5>\n<\/td>\n<\/tr>\n<tr>\n<td width=\"151\">\n<h5><strong>Mitzubringen:<\/strong><\/h5>\n<\/td>\n<td width=\"456\">\n<h5><strong>Kn\u00f6chelhohe Schuhe mit Profilsohle, Sonnen- und Regenschutz<\/strong><\/h5>\n<\/td>\n<\/tr>\n<tr>\n<td width=\"151\">\n<h5><strong>Veranstalter:<\/strong><\/h5>\n<\/td>\n<td width=\"456\">\n<h5><strong>Marktgemeinde Nenzing und Abteilung Umwelt- und Klimaschutz im Amt der Vorarlberger Landesregierung in Kooperation mit der Agrargemeinschaft Nenzing und der Walgau Wiesen Wunder Welt<\/strong><\/h5>\n<\/td>\n<\/tr>\n<\/tbody>\n<\/table>\n<p>Im Anschluss an die Biotopexkursion:<\/p>\n<h4><strong>\u00a0<\/strong><strong>Vortrag \u201eAlpwirtschaft &amp; Artenvielfalt im Nenzinger Himmel\u201c<\/strong><\/h4>\n<h5><strong>Freitag, 20.07.2018 um 19\u00a0h im \u00a0Nenzinger Himmel, Senntum Gamperdona<\/strong><\/h5>\n<p><strong>\u00a0<\/strong>Der Nenzinger Himmel steht f\u00fcr vieles: Alpwirtschaft und guten K\u00e4se, Urlaub und Erholung, Wandern und Bergerlebnis, Wald und Jagd. Die wildromantische Gebirgslandschaft in diesem Seitental des R\u00e4tikons ist von faszinierendem Reiz und es mag kaum verwundern, dass hier eine besonders gro\u00dfe, oft untersch\u00e4tzte Naturvielfalt anzutreffen ist. Das Gamperdonatal beherbergt zahlreiche botanische Rarit\u00e4ten und nicht umsonst finden sich neben dem Pflanzenschutzgebiet Nenzinger Himmel mehrere Europaschutzgebiete, darunter jenes f\u00fcr den sehr seltenen Alpen-Mannstreu \u2013 den heimlichen K\u00f6nig des Himmels.<\/p>\n<p>Mit Bildern untermalt erz\u00e4hlen Andreas Beiser (Abteilung Umwelt- und Klimaschutz, Amt d. Vlbg. Landesregierung), Siegbert Terzer (GF Agrargemeinschaft Nenzing), Hannes Albrecht (Alpgenossenschaft Nenzinger Himmel) und Romana Steinparzer (Regionsmanagerin Europaschutzgebiete im Walgau) in gem\u00fctlichem Rahmen vom Alpen-Mannstreu, von Schutz und Nutzung des sensiblen Tals, \u00fcber die Entwicklung der Alpwirtschaft und die Agrargemeinschaft Nenzing.<\/p>\n","protected":false},"excerpt":{"rendered":"<p>Biotopexkursion \u201eBlaues Juwel Alpen-Mannstreu \u2013 Zukunft im Himmel?\u201c FrEITAG 20.07.2018 um 14.00 h beim Rathaus Nenzing, Anmeldung bei der Gemeinde Nenzing erforderlich Waren Sie schon einmal auf einer Biotopexkursion? Wenn sie die faszinierende Tier- und Pflanzenwelt direkt vor Ihrer Haust\u00fcre kennen lernen wollen, dann begeben Sie sich doch auf die Exkursion in Ihrer Gemeinde. Zusammen &hellip; <\/p>\n<p class=\"link-more\"><a href=\"https:\/\/agrar-nenzing.at\/?p=2026\" class=\"more-link\"><span class=\"screen-reader-text\">\u201eBiotopexkursionen 2018 &#8211; Blaues Juwel Alpenmannstreu\u201c <\/span>weiterlesen<\/a><\/p>\n","protected":false},"author":75,"featured_media":2189,"comment_status":"open","ping_status":"closed","sticky":false,"template":"","format":"standard","meta":{"footnotes":""},"categories":[11,39,44],"tags":[70,71,72],"class_list":["post-2026","post","type-post","status-publish","format-standard","has-post-thumbnail","hentry","category-alpen","category-gemeinde","category-huetten","tag-exkursion","tag-naturvielfalt","tag-vortrag"],"_links":{"self":[{"href":"https:\/\/agrar-nenzing.at\/index.php?rest_route=\/wp\/v2\/posts\/2026","targetHints":{"allow":["GET"]}}],"collection":[{"href":"https:\/\/agrar-nenzing.at\/index.php?rest_route=\/wp\/v2\/posts"}],"about":[{"href":"https:\/\/agrar-nenzing.at\/index.php?rest_route=\/wp\/v2\/types\/post"}],"author":[{"embeddable":true,"href":"https:\/\/agrar-nenzing.at\/index.php?rest_route=\/wp\/v2\/users\/75"}],"replies":[{"embeddable":true,"href":"https:\/\/agrar-nenzing.at\/index.php?rest_route=%2Fwp%2Fv2%2Fcomments&post=2026"}],"version-history":[{"count":5,"href":"https:\/\/agrar-nenzing.at\/index.php?rest_route=\/wp\/v2\/posts\/2026\/revisions"}],"predecessor-version":[{"id":2194,"href":"https:\/\/agrar-nenzing.at\/index.php?rest_route=\/wp\/v2\/posts\/2026\/revisions\/2194"}],"wp:featuredmedia":[{"embeddable":true,"href":"https:\/\/agrar-nenzing.at\/index.php?rest_route=\/wp\/v2\/media\/2189"}],"wp:attachment":[{"href":"https:\/\/agrar-nenzing.at\/index.php?rest_route=%2Fwp%2Fv2%2Fmedia&parent=2026"}],"wp:term":[{"taxonomy":"category","embeddable":true,"href":"https:\/\/agrar-nenzing.at\/index.php?rest_route=%2Fwp%2Fv2%2Fcategories&post=2026"},{"taxonomy":"post_tag","embeddable":true,"href":"https:\/\/agrar-nenzing.at\/index.php?rest_route=%2Fwp%2Fv2%2Ftags&post=2026"}],"curies":[{"name":"wp","href":"https:\/\/api.w.org\/{rel}","templated":true}]}}