{"id":2197,"date":"2018-06-20T05:55:31","date_gmt":"2018-06-20T05:55:31","guid":{"rendered":"https:\/\/agrar-nenzing.at\/?p=2197"},"modified":"2018-08-03T07:57:27","modified_gmt":"2018-08-03T07:57:27","slug":"kaminkehrer-im-nenzinger-himmel","status":"publish","type":"post","link":"https:\/\/agrar-nenzing.at\/?p=2197","title":{"rendered":"Kaminkehrer im Nenzinger Himmel"},"content":{"rendered":"<hr \/>\n<p>Kaminkehrer \u00a0Abentung G\u00fcnther, Weiler, Tel:\u00a00664 130 02 02<\/p>\n<p>Am\u00a0 9. \/10 Juli 2018 werden die Kehrarbeiten im Nenzinger Himmel bei den H\u00fctten durchgef\u00fchrt. Wir bitten um Anwesenheit, bzw. um R\u00fcckruf bei Herrn Abentung.<\/p>\n","protected":false},"excerpt":{"rendered":"<p>Kaminkehrer \u00a0Abentung G\u00fcnther, Weiler, Tel:\u00a00664 130 02 02 Am\u00a0 9. \/10 Juli 2018 werden die Kehrarbeiten im Nenzinger Himmel bei den H\u00fctten durchgef\u00fchrt. Wir bitten um Anwesenheit, bzw. um R\u00fcckruf bei Herrn Abentung.<\/p>\n","protected":false},"author":75,"featured_media":0,"comment_status":"closed","ping_status":"closed","sticky":false,"template":"","format":"aside","meta":{"footnotes":""},"categories":[44],"tags":[73,74,9],"class_list":["post-2197","post","type-post","status-publish","format-aside","hentry","category-huetten","tag-huette","tag-kaminkehrer","tag-nenzingerhimmel","post_format-post-format-aside"],"_links":{"self":[{"href":"https:\/\/agrar-nenzing.at\/index.php?rest_route=\/wp\/v2\/posts\/2197","targetHints":{"allow":["GET"]}}],"collection":[{"href":"https:\/\/agrar-nenzing.at\/index.php?rest_route=\/wp\/v2\/posts"}],"about":[{"href":"https:\/\/agrar-nenzing.at\/index.php?rest_route=\/wp\/v2\/types\/post"}],"author":[{"embeddable":true,"href":"https:\/\/agrar-nenzing.at\/index.php?rest_route=\/wp\/v2\/users\/75"}],"replies":[{"embeddable":true,"href":"https:\/\/agrar-nenzing.at\/index.php?rest_route=%2Fwp%2Fv2%2Fcomments&post=2197"}],"version-history":[{"count":2,"href":"https:\/\/agrar-nenzing.at\/index.php?rest_route=\/wp\/v2\/posts\/2197\/revisions"}],"predecessor-version":[{"id":2199,"href":"https:\/\/agrar-nenzing.at\/index.php?rest_route=\/wp\/v2\/posts\/2197\/revisions\/2199"}],"wp:attachment":[{"href":"https:\/\/agrar-nenzing.at\/index.php?rest_route=%2Fwp%2Fv2%2Fmedia&parent=2197"}],"wp:term":[{"taxonomy":"category","embeddable":true,"href":"https:\/\/agrar-nenzing.at\/index.php?rest_route=%2Fwp%2Fv2%2Fcategories&post=2197"},{"taxonomy":"post_tag","embeddable":true,"href":"https:\/\/agrar-nenzing.at\/index.php?rest_route=%2Fwp%2Fv2%2Ftags&post=2197"}],"curies":[{"name":"wp","href":"https:\/\/api.w.org\/{rel}","templated":true}]}}