{"id":2208,"date":"2018-06-25T09:25:50","date_gmt":"2018-06-25T09:25:50","guid":{"rendered":"https:\/\/agrar-nenzing.at\/?p=2208"},"modified":"2018-08-03T07:57:16","modified_gmt":"2018-08-03T07:57:16","slug":"arbeitseinsatz-auf-den-alpen-furkla-und-parpfienz","status":"publish","type":"post","link":"https:\/\/agrar-nenzing.at\/?p=2208","title":{"rendered":"Arbeitseinsatz auf den Alpen Furkla und Parpfienz"},"content":{"rendered":"<p>Der j\u00e4hrlich zu leistende Arbeitseinsatz\u00a0der Mitglieder der Agrargemeinschaft Nenzing auf den Alpen \u00a0ist eine wichtige Unterst\u00fctzung des Betriebes und der Landwirte.<\/p>\n<p>Die \u00a0Mitglieder der Agrargemeinschaft Nenzing \u00a0helfen\u00a0 dabei unsere wertvolle Kulturlandschaft zu pflegen.\u00a0 Ohne deren Hilfe w\u00e4re es nicht m\u00f6glich, diese Fl\u00e4chen f\u00fcr die Weidewirtschaft freizuhalten.\u00a0 Viele H\u00e4nde leisten\u00a0in diesen abgelegenen\u00a0Gebieten somit wertvolle Arbeit.<\/p>\n<p>Das gemeinsame Arbeiten\u00a0verbindet und st\u00e4rkt die Verbundenheit und das Verst\u00e4ndnis f\u00fcr\u00a0unserer Kulturlandschaft. Wir bedanken uns f\u00fcr die rege Teilnahme und freuen uns \u00fcber viele Mitglieder, die bereit sind aktiv mitzuarbeiten.<\/p>\n<p>Der Obmann<\/p>\n<div id='gallery-1' class='gallery galleryid-2208 gallery-columns-3 gallery-size-medium'><figure class='gallery-item'>\n\t\t\t<div class='gallery-icon landscape'>\n\t\t\t\t<a href='https:\/\/agrar-nenzing.at\/?attachment_id=2181'><img loading=\"lazy\" decoding=\"async\" width=\"300\" height=\"169\" src=\"https:\/\/agrar-nenzing.at\/wp-content\/uploads\/2018\/06\/P1350500-300x169.jpg\" class=\"attachment-medium size-medium\" alt=\"\" aria-describedby=\"gallery-1-2181\" srcset=\"https:\/\/agrar-nenzing.at\/wp-content\/uploads\/2018\/06\/P1350500-300x169.jpg 300w, https:\/\/agrar-nenzing.at\/wp-content\/uploads\/2018\/06\/P1350500-768x432.jpg 768w, https:\/\/agrar-nenzing.at\/wp-content\/uploads\/2018\/06\/P1350500-1024x576.jpg 1024w, https:\/\/agrar-nenzing.at\/wp-content\/uploads\/2018\/06\/P1350500.jpg 2000w\" sizes=\"auto, 100vw\" \/><\/a>\n\t\t\t<\/div>\n\t\t\t\t<figcaption class='wp-caption-text gallery-caption' id='gallery-1-2181'>\n\t\t\t\tSchwenden auf der Alpe Furkla\n\t\t\t\t<\/figcaption><\/figure><figure class='gallery-item'>\n\t\t\t<div class='gallery-icon landscape'>\n\t\t\t\t<a href='https:\/\/agrar-nenzing.at\/?attachment_id=2180'><img loading=\"lazy\" decoding=\"async\" width=\"300\" height=\"169\" src=\"https:\/\/agrar-nenzing.at\/wp-content\/uploads\/2018\/06\/20180609_095253-300x169.jpg\" class=\"attachment-medium size-medium\" alt=\"\" srcset=\"https:\/\/agrar-nenzing.at\/wp-content\/uploads\/2018\/06\/20180609_095253-300x169.jpg 300w, https:\/\/agrar-nenzing.at\/wp-content\/uploads\/2018\/06\/20180609_095253-768x432.jpg 768w, https:\/\/agrar-nenzing.at\/wp-content\/uploads\/2018\/06\/20180609_095253-1024x576.jpg 1024w, https:\/\/agrar-nenzing.at\/wp-content\/uploads\/2018\/06\/20180609_095253.jpg 2000w\" sizes=\"auto, 100vw\" \/><\/a>\n\t\t\t<\/div><\/figure><figure class='gallery-item'>\n\t\t\t<div class='gallery-icon landscape'>\n\t\t\t\t<a href='https:\/\/agrar-nenzing.at\/?attachment_id=2214'><img loading=\"lazy\" decoding=\"async\" width=\"300\" height=\"169\" src=\"https:\/\/agrar-nenzing.at\/wp-content\/uploads\/2018\/06\/1350723-300x169.jpg\" class=\"attachment-medium size-medium\" alt=\"\" aria-describedby=\"gallery-1-2214\" srcset=\"https:\/\/agrar-nenzing.at\/wp-content\/uploads\/2018\/06\/1350723-300x169.jpg 300w, https:\/\/agrar-nenzing.at\/wp-content\/uploads\/2018\/06\/1350723-768x432.jpg 768w, https:\/\/agrar-nenzing.at\/wp-content\/uploads\/2018\/06\/1350723-1024x576.jpg 1024w, https:\/\/agrar-nenzing.at\/wp-content\/uploads\/2018\/06\/1350723.jpg 2000w\" sizes=\"auto, 100vw\" \/><\/a>\n\t\t\t<\/div>\n\t\t\t\t<figcaption class='wp-caption-text gallery-caption' id='gallery-1-2214'>\n\t\t\t\tArbeiten auf der Alpe Parpfienz\n\t\t\t\t<\/figcaption><\/figure><figure class='gallery-item'>\n\t\t\t<div class='gallery-icon landscape'>\n\t\t\t\t<a href='https:\/\/agrar-nenzing.at\/?attachment_id=2213'><img loading=\"lazy\" decoding=\"async\" width=\"300\" height=\"169\" src=\"https:\/\/agrar-nenzing.at\/wp-content\/uploads\/2018\/06\/1350721-300x169.jpg\" class=\"attachment-medium size-medium\" alt=\"\" srcset=\"https:\/\/agrar-nenzing.at\/wp-content\/uploads\/2018\/06\/1350721-300x169.jpg 300w, https:\/\/agrar-nenzing.at\/wp-content\/uploads\/2018\/06\/1350721-768x432.jpg 768w, https:\/\/agrar-nenzing.at\/wp-content\/uploads\/2018\/06\/1350721-1024x576.jpg 1024w, https:\/\/agrar-nenzing.at\/wp-content\/uploads\/2018\/06\/1350721.jpg 2000w\" sizes=\"auto, 100vw\" \/><\/a>\n\t\t\t<\/div><\/figure><figure class='gallery-item'>\n\t\t\t<div class='gallery-icon landscape'>\n\t\t\t\t<a href='https:\/\/agrar-nenzing.at\/?attachment_id=2212'><img loading=\"lazy\" decoding=\"async\" width=\"300\" height=\"169\" src=\"https:\/\/agrar-nenzing.at\/wp-content\/uploads\/2018\/06\/1350710-300x169.jpg\" class=\"attachment-medium size-medium\" alt=\"\" srcset=\"https:\/\/agrar-nenzing.at\/wp-content\/uploads\/2018\/06\/1350710-300x169.jpg 300w, https:\/\/agrar-nenzing.at\/wp-content\/uploads\/2018\/06\/1350710-768x432.jpg 768w, https:\/\/agrar-nenzing.at\/wp-content\/uploads\/2018\/06\/1350710-1024x576.jpg 1024w, https:\/\/agrar-nenzing.at\/wp-content\/uploads\/2018\/06\/1350710.jpg 2000w\" sizes=\"auto, 100vw\" \/><\/a>\n\t\t\t<\/div><\/figure><figure class='gallery-item'>\n\t\t\t<div class='gallery-icon landscape'>\n\t\t\t\t<a href='https:\/\/agrar-nenzing.at\/?attachment_id=2210'><img loading=\"lazy\" decoding=\"async\" width=\"300\" height=\"169\" src=\"https:\/\/agrar-nenzing.at\/wp-content\/uploads\/2018\/06\/1350693-300x169.jpg\" class=\"attachment-medium size-medium\" alt=\"\" srcset=\"https:\/\/agrar-nenzing.at\/wp-content\/uploads\/2018\/06\/1350693-300x169.jpg 300w, https:\/\/agrar-nenzing.at\/wp-content\/uploads\/2018\/06\/1350693-768x432.jpg 768w, https:\/\/agrar-nenzing.at\/wp-content\/uploads\/2018\/06\/1350693-1024x576.jpg 1024w, https:\/\/agrar-nenzing.at\/wp-content\/uploads\/2018\/06\/1350693.jpg 2000w\" sizes=\"auto, 100vw\" \/><\/a>\n\t\t\t<\/div><\/figure>\n\t\t<\/div>\n\n<p>&nbsp;<\/p>\n","protected":false},"excerpt":{"rendered":"<p>Der j\u00e4hrlich zu leistende Arbeitseinsatz\u00a0der Mitglieder der Agrargemeinschaft Nenzing auf den Alpen \u00a0ist eine wichtige Unterst\u00fctzung des Betriebes und der Landwirte. Die \u00a0Mitglieder der Agrargemeinschaft Nenzing \u00a0helfen\u00a0 dabei unsere wertvolle Kulturlandschaft zu pflegen.\u00a0 Ohne deren Hilfe w\u00e4re es nicht m\u00f6glich, diese Fl\u00e4chen f\u00fcr die Weidewirtschaft freizuhalten.\u00a0 Viele H\u00e4nde leisten\u00a0in diesen abgelegenen\u00a0Gebieten somit wertvolle Arbeit. Das &hellip; <\/p>\n<p class=\"link-more\"><a href=\"https:\/\/agrar-nenzing.at\/?p=2208\" class=\"more-link\"><span class=\"screen-reader-text\">\u201eArbeitseinsatz auf den Alpen Furkla und Parpfienz\u201c <\/span>weiterlesen<\/a><\/p>\n","protected":false},"author":75,"featured_media":2214,"comment_status":"closed","ping_status":"closed","sticky":false,"template":"","format":"standard","meta":{"footnotes":""},"categories":[11,14,10,2],"tags":[],"class_list":["post-2208","post","type-post","status-publish","format-standard","has-post-thumbnail","hentry","category-alpen","category-fronen","category-landwirte","category-mitglieder"],"_links":{"self":[{"href":"https:\/\/agrar-nenzing.at\/index.php?rest_route=\/wp\/v2\/posts\/2208","targetHints":{"allow":["GET"]}}],"collection":[{"href":"https:\/\/agrar-nenzing.at\/index.php?rest_route=\/wp\/v2\/posts"}],"about":[{"href":"https:\/\/agrar-nenzing.at\/index.php?rest_route=\/wp\/v2\/types\/post"}],"author":[{"embeddable":true,"href":"https:\/\/agrar-nenzing.at\/index.php?rest_route=\/wp\/v2\/users\/75"}],"replies":[{"embeddable":true,"href":"https:\/\/agrar-nenzing.at\/index.php?rest_route=%2Fwp%2Fv2%2Fcomments&post=2208"}],"version-history":[{"count":4,"href":"https:\/\/agrar-nenzing.at\/index.php?rest_route=\/wp\/v2\/posts\/2208\/revisions"}],"predecessor-version":[{"id":2217,"href":"https:\/\/agrar-nenzing.at\/index.php?rest_route=\/wp\/v2\/posts\/2208\/revisions\/2217"}],"wp:featuredmedia":[{"embeddable":true,"href":"https:\/\/agrar-nenzing.at\/index.php?rest_route=\/wp\/v2\/media\/2214"}],"wp:attachment":[{"href":"https:\/\/agrar-nenzing.at\/index.php?rest_route=%2Fwp%2Fv2%2Fmedia&parent=2208"}],"wp:term":[{"taxonomy":"category","embeddable":true,"href":"https:\/\/agrar-nenzing.at\/index.php?rest_route=%2Fwp%2Fv2%2Fcategories&post=2208"},{"taxonomy":"post_tag","embeddable":true,"href":"https:\/\/agrar-nenzing.at\/index.php?rest_route=%2Fwp%2Fv2%2Ftags&post=2208"}],"curies":[{"name":"wp","href":"https:\/\/api.w.org\/{rel}","templated":true}]}}