{"id":2277,"date":"2018-07-23T07:04:17","date_gmt":"2018-07-23T07:04:17","guid":{"rendered":"https:\/\/agrar-nenzing.at\/?p=2277"},"modified":"2018-08-03T07:56:06","modified_gmt":"2018-08-03T07:56:06","slug":"ausschuss-der-agrargemeinschaft-nenzing-gemeinsam-mit-der-gemeindevertretung-von-nenzing-auf-exkursion","status":"publish","type":"post","link":"https:\/\/agrar-nenzing.at\/?p=2277","title":{"rendered":"Ausschuss der Agrargemeinschaft Nenzing gemeinsam mit der Gemeindevertretung von Nenzing auf Exkursion"},"content":{"rendered":"<div class=\"clearfix _42ef\">\n<div class=\"rfloat _ohf\">Auf Einladung der Agrargemeinschaft Nenzing haben sich die Vertreter der Marktgemeinde Nenzing gemeinsam mit den Ausschussmitglieder der Agrargemeinschaft Nenzing im Rahmen einer Exkursion ein Bild \u00fcber die vielf\u00e4ltigen Aufgaben und Leistungen der Agrargemeinschaft Nenzing gemacht.\u00a0 Dabei wurden Fragen der Raumplanung im Talbereich, die Entwicklung von Nebeneinnahmen zur Erf\u00fcllung der umfangreichen Aufgaben und die Bewirtschaftung der f\u00fcr alle wichtigen Schutzw\u00e4lder im Gel\u00e4nde diskutiert.\u00a0 Den Abschluss bildete die Besichtigung der Alpe Parpfienz, wo die aktuelle Situation der Alpbewirtschaftung und aktuelle Herausforderungen f\u00fcr die Erhaltung der Alpen diskutiert wurden.<\/div>\n<div><\/div>\n<\/div>\n<p><img loading=\"lazy\" decoding=\"async\" class=\"alignnone size-medium wp-image-2276\" src=\"https:\/\/agrar-nenzing.at\/wp-content\/uploads\/2018\/07\/1360029-300x169.jpg\" alt=\"\" width=\"300\" height=\"169\" srcset=\"https:\/\/agrar-nenzing.at\/wp-content\/uploads\/2018\/07\/1360029-300x169.jpg 300w, https:\/\/agrar-nenzing.at\/wp-content\/uploads\/2018\/07\/1360029-768x432.jpg 768w, https:\/\/agrar-nenzing.at\/wp-content\/uploads\/2018\/07\/1360029-1024x576.jpg 1024w, https:\/\/agrar-nenzing.at\/wp-content\/uploads\/2018\/07\/1360029.jpg 2000w\" sizes=\"auto, (max-width: 300px) 100vw, 300px\" \/> <img loading=\"lazy\" decoding=\"async\" class=\"alignnone size-medium wp-image-2275\" src=\"https:\/\/agrar-nenzing.at\/wp-content\/uploads\/2018\/07\/1360026-300x169.jpg\" alt=\"\" width=\"300\" height=\"169\" srcset=\"https:\/\/agrar-nenzing.at\/wp-content\/uploads\/2018\/07\/1360026-300x169.jpg 300w, https:\/\/agrar-nenzing.at\/wp-content\/uploads\/2018\/07\/1360026-768x432.jpg 768w, https:\/\/agrar-nenzing.at\/wp-content\/uploads\/2018\/07\/1360026-1024x576.jpg 1024w, https:\/\/agrar-nenzing.at\/wp-content\/uploads\/2018\/07\/1360026.jpg 2000w\" sizes=\"auto, (max-width: 300px) 100vw, 300px\" \/> <img loading=\"lazy\" decoding=\"async\" class=\"alignnone size-medium wp-image-2274\" src=\"https:\/\/agrar-nenzing.at\/wp-content\/uploads\/2018\/07\/1360049-300x169.jpg\" alt=\"\" width=\"300\" height=\"169\" srcset=\"https:\/\/agrar-nenzing.at\/wp-content\/uploads\/2018\/07\/1360049-300x169.jpg 300w, https:\/\/agrar-nenzing.at\/wp-content\/uploads\/2018\/07\/1360049-768x432.jpg 768w, https:\/\/agrar-nenzing.at\/wp-content\/uploads\/2018\/07\/1360049-1024x576.jpg 1024w, https:\/\/agrar-nenzing.at\/wp-content\/uploads\/2018\/07\/1360049.jpg 2000w\" sizes=\"auto, (max-width: 300px) 100vw, 300px\" \/><\/p>\n","protected":false},"excerpt":{"rendered":"<p>Auf Einladung der Agrargemeinschaft Nenzing haben sich die Vertreter der Marktgemeinde Nenzing gemeinsam mit den Ausschussmitglieder der Agrargemeinschaft Nenzing im Rahmen einer Exkursion ein Bild \u00fcber die vielf\u00e4ltigen Aufgaben und Leistungen der Agrargemeinschaft Nenzing gemacht.\u00a0 Dabei wurden Fragen der Raumplanung im Talbereich, die Entwicklung von Nebeneinnahmen zur Erf\u00fcllung der umfangreichen Aufgaben und die Bewirtschaftung der &hellip; <\/p>\n<p class=\"link-more\"><a href=\"https:\/\/agrar-nenzing.at\/?p=2277\" class=\"more-link\"><span class=\"screen-reader-text\">\u201eAusschuss der Agrargemeinschaft Nenzing gemeinsam mit der Gemeindevertretung von Nenzing auf Exkursion\u201c <\/span>weiterlesen<\/a><\/p>\n","protected":false},"author":75,"featured_media":2273,"comment_status":"closed","ping_status":"closed","sticky":false,"template":"","format":"standard","meta":{"footnotes":""},"categories":[11,39,2,36],"tags":[],"class_list":["post-2277","post","type-post","status-publish","format-standard","has-post-thumbnail","hentry","category-alpen","category-gemeinde","category-mitglieder","category-wald"],"_links":{"self":[{"href":"https:\/\/agrar-nenzing.at\/index.php?rest_route=\/wp\/v2\/posts\/2277","targetHints":{"allow":["GET"]}}],"collection":[{"href":"https:\/\/agrar-nenzing.at\/index.php?rest_route=\/wp\/v2\/posts"}],"about":[{"href":"https:\/\/agrar-nenzing.at\/index.php?rest_route=\/wp\/v2\/types\/post"}],"author":[{"embeddable":true,"href":"https:\/\/agrar-nenzing.at\/index.php?rest_route=\/wp\/v2\/users\/75"}],"replies":[{"embeddable":true,"href":"https:\/\/agrar-nenzing.at\/index.php?rest_route=%2Fwp%2Fv2%2Fcomments&post=2277"}],"version-history":[{"count":1,"href":"https:\/\/agrar-nenzing.at\/index.php?rest_route=\/wp\/v2\/posts\/2277\/revisions"}],"predecessor-version":[{"id":2279,"href":"https:\/\/agrar-nenzing.at\/index.php?rest_route=\/wp\/v2\/posts\/2277\/revisions\/2279"}],"wp:featuredmedia":[{"embeddable":true,"href":"https:\/\/agrar-nenzing.at\/index.php?rest_route=\/wp\/v2\/media\/2273"}],"wp:attachment":[{"href":"https:\/\/agrar-nenzing.at\/index.php?rest_route=%2Fwp%2Fv2%2Fmedia&parent=2277"}],"wp:term":[{"taxonomy":"category","embeddable":true,"href":"https:\/\/agrar-nenzing.at\/index.php?rest_route=%2Fwp%2Fv2%2Fcategories&post=2277"},{"taxonomy":"post_tag","embeddable":true,"href":"https:\/\/agrar-nenzing.at\/index.php?rest_route=%2Fwp%2Fv2%2Ftags&post=2277"}],"curies":[{"name":"wp","href":"https:\/\/api.w.org\/{rel}","templated":true}]}}