{"id":2513,"date":"2019-01-10T07:17:37","date_gmt":"2019-01-10T07:17:37","guid":{"rendered":"https:\/\/agrar-nenzing.at\/?p=2513"},"modified":"2019-01-10T07:50:12","modified_gmt":"2019-01-10T07:50:12","slug":"vorfuehrung-pferderueckung","status":"publish","type":"post","link":"https:\/\/agrar-nenzing.at\/?p=2513","title":{"rendered":"Vorf\u00fchrung Pferder\u00fcckung"},"content":{"rendered":"<p>F\u00fcr Interessierte findet am Samstag den 26.01.2019 im Bereich der Latzwiese eine Vorf\u00fchrung \u00fcber Durchforstung mittels Pferder\u00fcckung statt. F\u00fcr das leibliche Wohl ist gesorgt. Die Veranstaltung findet bei jeder Witterung statt. Treffpunkt um 9:00 Uhr im Bereich der Latzwiese<\/p>\n<p>F\u00f6rster Thomas Walter: 0664\/4215027<\/p>\n<p>Landeswaldaufseher\u00a0 Franz Ruch:\u00a0 0664\/6255609<\/p>\n<p><img loading=\"lazy\" decoding=\"async\" class=\"alignnone size-medium wp-image-2518\" src=\"https:\/\/agrar-nenzing.at\/wp-content\/uploads\/2019\/01\/Lageplan-Beschling_pferderuckung-300x169.jpg\" alt=\"\" width=\"300\" height=\"169\" srcset=\"https:\/\/agrar-nenzing.at\/wp-content\/uploads\/2019\/01\/Lageplan-Beschling_pferderuckung-300x169.jpg 300w, https:\/\/agrar-nenzing.at\/wp-content\/uploads\/2019\/01\/Lageplan-Beschling_pferderuckung-768x432.jpg 768w, https:\/\/agrar-nenzing.at\/wp-content\/uploads\/2019\/01\/Lageplan-Beschling_pferderuckung-1024x576.jpg 1024w, https:\/\/agrar-nenzing.at\/wp-content\/uploads\/2019\/01\/Lageplan-Beschling_pferderuckung.jpg 1295w\" sizes=\"auto, (max-width: 300px) 100vw, 300px\" \/><\/p>\n<p>&nbsp;<\/p>\n","protected":false},"excerpt":{"rendered":"<p>F\u00fcr Interessierte findet am Samstag den 26.01.2019 im Bereich der Latzwiese eine Vorf\u00fchrung \u00fcber Durchforstung mittels Pferder\u00fcckung statt. F\u00fcr das leibliche Wohl ist gesorgt. Die Veranstaltung findet bei jeder Witterung statt. Treffpunkt um 9:00 Uhr im Bereich der Latzwiese F\u00f6rster Thomas Walter: 0664\/4215027 Landeswaldaufseher\u00a0 Franz Ruch:\u00a0 0664\/6255609 &nbsp;<\/p>\n","protected":false},"author":75,"featured_media":2521,"comment_status":"closed","ping_status":"closed","sticky":false,"template":"","format":"standard","meta":{"footnotes":""},"categories":[39,2,36],"tags":[],"class_list":["post-2513","post","type-post","status-publish","format-standard","has-post-thumbnail","hentry","category-gemeinde","category-mitglieder","category-wald"],"_links":{"self":[{"href":"https:\/\/agrar-nenzing.at\/index.php?rest_route=\/wp\/v2\/posts\/2513","targetHints":{"allow":["GET"]}}],"collection":[{"href":"https:\/\/agrar-nenzing.at\/index.php?rest_route=\/wp\/v2\/posts"}],"about":[{"href":"https:\/\/agrar-nenzing.at\/index.php?rest_route=\/wp\/v2\/types\/post"}],"author":[{"embeddable":true,"href":"https:\/\/agrar-nenzing.at\/index.php?rest_route=\/wp\/v2\/users\/75"}],"replies":[{"embeddable":true,"href":"https:\/\/agrar-nenzing.at\/index.php?rest_route=%2Fwp%2Fv2%2Fcomments&post=2513"}],"version-history":[{"count":5,"href":"https:\/\/agrar-nenzing.at\/index.php?rest_route=\/wp\/v2\/posts\/2513\/revisions"}],"predecessor-version":[{"id":2524,"href":"https:\/\/agrar-nenzing.at\/index.php?rest_route=\/wp\/v2\/posts\/2513\/revisions\/2524"}],"wp:featuredmedia":[{"embeddable":true,"href":"https:\/\/agrar-nenzing.at\/index.php?rest_route=\/wp\/v2\/media\/2521"}],"wp:attachment":[{"href":"https:\/\/agrar-nenzing.at\/index.php?rest_route=%2Fwp%2Fv2%2Fmedia&parent=2513"}],"wp:term":[{"taxonomy":"category","embeddable":true,"href":"https:\/\/agrar-nenzing.at\/index.php?rest_route=%2Fwp%2Fv2%2Fcategories&post=2513"},{"taxonomy":"post_tag","embeddable":true,"href":"https:\/\/agrar-nenzing.at\/index.php?rest_route=%2Fwp%2Fv2%2Ftags&post=2513"}],"curies":[{"name":"wp","href":"https:\/\/api.w.org\/{rel}","templated":true}]}}