{"id":2608,"date":"2019-04-12T00:00:37","date_gmt":"2019-04-12T00:00:37","guid":{"rendered":"https:\/\/agrar-nenzing.at\/?p=2608"},"modified":"2019-05-06T07:40:16","modified_gmt":"2019-05-06T07:40:16","slug":"54-jahreshauptversammlung-2019","status":"publish","type":"post","link":"https:\/\/agrar-nenzing.at\/?p=2608","title":{"rendered":"54. Jahreshauptversammlung 2019"},"content":{"rendered":"<p>Montag, den 29. April 2019 um 20.00 Uhr<br \/>\nim Ramschwagsaal in Nenzing<\/p>\n<p><strong><u>Tagesordnung<\/u><\/strong><\/p>\n<ol>\n<li>Er\u00f6ffnung und Begr\u00fc\u00dfung, Feststellung der Stimmenzahl und Beschlussf\u00e4higkeit der Vollversammlung, Wahl der Stimmenz\u00e4hler<\/li>\n<li>Genehmigung des Protokolls der letzten Vollversammlung (hier zum Nachlesen:\u00a0 <a href=\"https:\/\/agrar-nenzing.at\/wp-content\/uploads\/2019\/04\/Protokoll-Vollversammlung-8-Mai-2018_web.pdf\">Protokoll Vollversammlung 8. Mai 2018)<\/a><\/li>\n<li>Bericht des Obmannes<\/li>\n<li>Bericht des Gesch\u00e4ftsf\u00fchrers<\/li>\n<li>Jahresrechnung 2018<\/li>\n<li>Bericht des Aufsichtsrates, Beschlussfassung \u00fcber die Jahresrechnung 2018<\/li>\n<li>Vorlage und Genehmigung des Kostenvoranschlages 2019<\/li>\n<li>Allf\u00e4lliges<\/li>\n<\/ol>\n<p style=\"text-align: center;\"><strong>Film \u201eAgrargeschichten 2018\u201c<br \/>\nvon Hannes Albrecht<\/strong><\/p>\n<p style=\"text-align: center;\"><strong>\u00a0<\/strong>Um die Beschlussf\u00e4higkeit der Vollversammlung zu erreichen, wird um p\u00fcnktliches und zahlreiches Erscheinen gebeten. Der Abend schlie\u00dft mit einem Imbiss.<\/p>\n<p>Josef Latzer, Obmann<\/p>\n<p><strong><em>Die Losholzziehung der stehenden Losen Nenzing-Dorf findet vor der Sitzung um 18.00 Uhr statt.<\/em><\/strong><\/p>\n","protected":false},"excerpt":{"rendered":"<p>Montag, den 29. April 2019 um 20.00 Uhr im Ramschwagsaal in Nenzing Tagesordnung Er\u00f6ffnung und Begr\u00fc\u00dfung, Feststellung der Stimmenzahl und Beschlussf\u00e4higkeit der Vollversammlung, Wahl der Stimmenz\u00e4hler Genehmigung des Protokolls der letzten Vollversammlung (hier zum Nachlesen:\u00a0 Protokoll Vollversammlung 8. Mai 2018) Bericht des Obmannes Bericht des Gesch\u00e4ftsf\u00fchrers Jahresrechnung 2018 Bericht des Aufsichtsrates, Beschlussfassung \u00fcber die Jahresrechnung &hellip; <\/p>\n<p class=\"link-more\"><a href=\"https:\/\/agrar-nenzing.at\/?p=2608\" class=\"more-link\"><span class=\"screen-reader-text\">\u201e54. Jahreshauptversammlung 2019\u201c <\/span>weiterlesen<\/a><\/p>\n","protected":false},"author":75,"featured_media":0,"comment_status":"closed","ping_status":"closed","sticky":false,"template":"","format":"standard","meta":{"footnotes":""},"categories":[2],"tags":[],"class_list":["post-2608","post","type-post","status-publish","format-standard","hentry","category-mitglieder"],"_links":{"self":[{"href":"https:\/\/agrar-nenzing.at\/index.php?rest_route=\/wp\/v2\/posts\/2608","targetHints":{"allow":["GET"]}}],"collection":[{"href":"https:\/\/agrar-nenzing.at\/index.php?rest_route=\/wp\/v2\/posts"}],"about":[{"href":"https:\/\/agrar-nenzing.at\/index.php?rest_route=\/wp\/v2\/types\/post"}],"author":[{"embeddable":true,"href":"https:\/\/agrar-nenzing.at\/index.php?rest_route=\/wp\/v2\/users\/75"}],"replies":[{"embeddable":true,"href":"https:\/\/agrar-nenzing.at\/index.php?rest_route=%2Fwp%2Fv2%2Fcomments&post=2608"}],"version-history":[{"count":5,"href":"https:\/\/agrar-nenzing.at\/index.php?rest_route=\/wp\/v2\/posts\/2608\/revisions"}],"predecessor-version":[{"id":2643,"href":"https:\/\/agrar-nenzing.at\/index.php?rest_route=\/wp\/v2\/posts\/2608\/revisions\/2643"}],"wp:attachment":[{"href":"https:\/\/agrar-nenzing.at\/index.php?rest_route=%2Fwp%2Fv2%2Fmedia&parent=2608"}],"wp:term":[{"taxonomy":"category","embeddable":true,"href":"https:\/\/agrar-nenzing.at\/index.php?rest_route=%2Fwp%2Fv2%2Fcategories&post=2608"},{"taxonomy":"post_tag","embeddable":true,"href":"https:\/\/agrar-nenzing.at\/index.php?rest_route=%2Fwp%2Fv2%2Ftags&post=2608"}],"curies":[{"name":"wp","href":"https:\/\/api.w.org\/{rel}","templated":true}]}}