{"id":2623,"date":"2019-04-11T06:25:51","date_gmt":"2019-04-11T06:25:51","guid":{"rendered":"https:\/\/agrar-nenzing.at\/?p=2623"},"modified":"2019-05-06T07:40:27","modified_gmt":"2019-05-06T07:40:27","slug":"lehrlinge-pflanzen-neuen-wald","status":"publish","type":"post","link":"https:\/\/agrar-nenzing.at\/?p=2623","title":{"rendered":"Lehrlinge pflanzen neuen Wald"},"content":{"rendered":"<p>Die Lehrlinge der Firma Tomaselli-Gabriel-Bau haben die Agrargemeinschaft Nenzing bei der Aufforstung von Windwurf- und K\u00e4ferholzfl\u00e4chen oberhalb von Nenzing unterst\u00fctzt. Im Rahmen der Aktion Lehre im Walgau haben sich 11 Lehrlinge f\u00fcr eine Aufforstungsaktion bei der Agrargemeinschaft Nenzing gemeldet. Gemeinsam mit den Lehrlingen der Agrargemeinschaft Nenzing unter der fachlichen Anleitung von F\u00f6rster Thomas Walter und Thomas Geiger konnten \u00fcber 2000 Pflanzen gesetzt werden. Um zuk\u00fcnftig einen klimafiten Wald zu erhalten, wurden 10 verschiedene standortstaugliche Baumarten, vom Ahorn bis Nuss und Tanne bis L\u00e4rche gepflanzt. Wir bedanken uns bei Lehre im Walgau und Philipp Tomaselli, besonders aber bei den engagierten und interessierten Lehrlingen f\u00fcr die Unterst\u00fctzung.<\/p>\n<p><img loading=\"lazy\" decoding=\"async\" class=\"alignnone size-medium wp-image-2626\" src=\"https:\/\/agrar-nenzing.at\/wp-content\/uploads\/2019\/04\/Aufforstung-Juliush\u00f6he-Lehrlinge-Tomaselli-3-300x169.jpg\" alt=\"\" width=\"300\" height=\"169\" srcset=\"https:\/\/agrar-nenzing.at\/wp-content\/uploads\/2019\/04\/Aufforstung-Juliush\u00f6he-Lehrlinge-Tomaselli-3-300x169.jpg 300w, https:\/\/agrar-nenzing.at\/wp-content\/uploads\/2019\/04\/Aufforstung-Juliush\u00f6he-Lehrlinge-Tomaselli-3-768x432.jpg 768w, https:\/\/agrar-nenzing.at\/wp-content\/uploads\/2019\/04\/Aufforstung-Juliush\u00f6he-Lehrlinge-Tomaselli-3-1024x577.jpg 1024w, https:\/\/agrar-nenzing.at\/wp-content\/uploads\/2019\/04\/Aufforstung-Juliush\u00f6he-Lehrlinge-Tomaselli-3.jpg 1378w\" sizes=\"auto, (max-width: 300px) 100vw, 300px\" \/> <img loading=\"lazy\" decoding=\"async\" class=\"alignnone size-medium wp-image-2625\" src=\"https:\/\/agrar-nenzing.at\/wp-content\/uploads\/2019\/04\/Aufforstung-Juliush\u00f6he-Lehrlinge-Tomaselli-2-300x169.jpg\" alt=\"\" width=\"300\" height=\"169\" srcset=\"https:\/\/agrar-nenzing.at\/wp-content\/uploads\/2019\/04\/Aufforstung-Juliush\u00f6he-Lehrlinge-Tomaselli-2-300x169.jpg 300w, https:\/\/agrar-nenzing.at\/wp-content\/uploads\/2019\/04\/Aufforstung-Juliush\u00f6he-Lehrlinge-Tomaselli-2-768x432.jpg 768w, https:\/\/agrar-nenzing.at\/wp-content\/uploads\/2019\/04\/Aufforstung-Juliush\u00f6he-Lehrlinge-Tomaselli-2-1024x577.jpg 1024w, https:\/\/agrar-nenzing.at\/wp-content\/uploads\/2019\/04\/Aufforstung-Juliush\u00f6he-Lehrlinge-Tomaselli-2.jpg 1378w\" sizes=\"auto, (max-width: 300px) 100vw, 300px\" \/> <img loading=\"lazy\" decoding=\"async\" class=\"alignnone size-medium wp-image-2624\" src=\"https:\/\/agrar-nenzing.at\/wp-content\/uploads\/2019\/04\/Aufforstung-Juliush\u00f6he-Lehrlinge-Tomaselli-1-300x169.jpg\" alt=\"\" width=\"300\" height=\"169\" srcset=\"https:\/\/agrar-nenzing.at\/wp-content\/uploads\/2019\/04\/Aufforstung-Juliush\u00f6he-Lehrlinge-Tomaselli-1-300x169.jpg 300w, https:\/\/agrar-nenzing.at\/wp-content\/uploads\/2019\/04\/Aufforstung-Juliush\u00f6he-Lehrlinge-Tomaselli-1-768x432.jpg 768w, https:\/\/agrar-nenzing.at\/wp-content\/uploads\/2019\/04\/Aufforstung-Juliush\u00f6he-Lehrlinge-Tomaselli-1-1024x577.jpg 1024w, https:\/\/agrar-nenzing.at\/wp-content\/uploads\/2019\/04\/Aufforstung-Juliush\u00f6he-Lehrlinge-Tomaselli-1.jpg 1378w\" sizes=\"auto, (max-width: 300px) 100vw, 300px\" \/><\/p>\n","protected":false},"excerpt":{"rendered":"<p>Die Lehrlinge der Firma Tomaselli-Gabriel-Bau haben die Agrargemeinschaft Nenzing bei der Aufforstung von Windwurf- und K\u00e4ferholzfl\u00e4chen oberhalb von Nenzing unterst\u00fctzt. Im Rahmen der Aktion Lehre im Walgau haben sich 11 Lehrlinge f\u00fcr eine Aufforstungsaktion bei der Agrargemeinschaft Nenzing gemeldet. Gemeinsam mit den Lehrlingen der Agrargemeinschaft Nenzing unter der fachlichen Anleitung von F\u00f6rster Thomas Walter und &hellip; <\/p>\n<p class=\"link-more\"><a href=\"https:\/\/agrar-nenzing.at\/?p=2623\" class=\"more-link\"><span class=\"screen-reader-text\">\u201eLehrlinge pflanzen neuen Wald\u201c <\/span>weiterlesen<\/a><\/p>\n","protected":false},"author":75,"featured_media":2627,"comment_status":"closed","ping_status":"closed","sticky":false,"template":"","format":"standard","meta":{"footnotes":""},"categories":[2],"tags":[],"class_list":["post-2623","post","type-post","status-publish","format-standard","has-post-thumbnail","hentry","category-mitglieder"],"_links":{"self":[{"href":"https:\/\/agrar-nenzing.at\/index.php?rest_route=\/wp\/v2\/posts\/2623","targetHints":{"allow":["GET"]}}],"collection":[{"href":"https:\/\/agrar-nenzing.at\/index.php?rest_route=\/wp\/v2\/posts"}],"about":[{"href":"https:\/\/agrar-nenzing.at\/index.php?rest_route=\/wp\/v2\/types\/post"}],"author":[{"embeddable":true,"href":"https:\/\/agrar-nenzing.at\/index.php?rest_route=\/wp\/v2\/users\/75"}],"replies":[{"embeddable":true,"href":"https:\/\/agrar-nenzing.at\/index.php?rest_route=%2Fwp%2Fv2%2Fcomments&post=2623"}],"version-history":[{"count":3,"href":"https:\/\/agrar-nenzing.at\/index.php?rest_route=\/wp\/v2\/posts\/2623\/revisions"}],"predecessor-version":[{"id":2633,"href":"https:\/\/agrar-nenzing.at\/index.php?rest_route=\/wp\/v2\/posts\/2623\/revisions\/2633"}],"wp:featuredmedia":[{"embeddable":true,"href":"https:\/\/agrar-nenzing.at\/index.php?rest_route=\/wp\/v2\/media\/2627"}],"wp:attachment":[{"href":"https:\/\/agrar-nenzing.at\/index.php?rest_route=%2Fwp%2Fv2%2Fmedia&parent=2623"}],"wp:term":[{"taxonomy":"category","embeddable":true,"href":"https:\/\/agrar-nenzing.at\/index.php?rest_route=%2Fwp%2Fv2%2Fcategories&post=2623"},{"taxonomy":"post_tag","embeddable":true,"href":"https:\/\/agrar-nenzing.at\/index.php?rest_route=%2Fwp%2Fv2%2Ftags&post=2623"}],"curies":[{"name":"wp","href":"https:\/\/api.w.org\/{rel}","templated":true}]}}