{"id":2678,"date":"2019-05-29T08:00:51","date_gmt":"2019-05-29T08:00:51","guid":{"rendered":"https:\/\/agrar-nenzing.at\/?p=2678"},"modified":"2019-07-01T06:16:07","modified_gmt":"2019-07-01T06:16:07","slug":"2019-termine-nenzinger-himmel","status":"publish","type":"post","link":"https:\/\/agrar-nenzing.at\/?p=2678","title":{"rendered":"2019 Termine Nenzinger Himmel"},"content":{"rendered":"<h5>6. Juni ganztags<\/h5>\n<p>Alpauffahrt der K\u00fche, Senntum Gamperdona<\/p>\n<h5>8. Juni 8.00 Uhr<\/h5>\n<p>Arbeitseinsatz \u00a0&#8222;Fronen&#8220; H\u00fcttenbesitzer, Senntum Gamperdona<\/p>\n<h5>Juni<br \/>\nAktion Germer<\/h5>\n<p>Freiwillige sind zu dieser Aktion herzlich eingeladen!\u00a0\u00a0Es gibt auch die M\u00f6glichkeit den Frondienst im Rahmen dieser M\u00e4haktion abzuleisten. Interessierte und Freiwillige k\u00f6nnen uns gerne eine <a href=\"mailto:verwaltung@agrar-nenzing.at\"><u><span style=\"color: #0066cc;\">email <\/span><\/u><\/a>schicken.<br \/>\nF\u00fcr den Arbeitseinsatz &#8222;Aktion Germer&#8220; erbeten wir eine <strong>Anmeldung<\/strong> unter 0664 4233549 oder per <a href=\"mailto:verwaltung@agrar-nenzing.at\">email <\/a>. \u00a0Der Zeitpunkt der Aktion richtet sich nach dem Wachstum der Pflanzen.<\/p>\n<h5>25. Juni 14.00 Uhr<\/h5>\n<p>Alpsegnung bei der Rochuskapelle<\/p>\n<h5><strong>K\u00c4SEKURS iM NENZINGER HIMMEL<\/strong><\/h5>\n<p>1. Termin\u00a0\u00a0\u00a013. Juli 2019 ab 6.30 Uhr<br \/>\n2. Termin\u00a0 20. Juli 2019 ab .6.30 Uhr, Anmeldung erforderlich<\/p>\n<h5>3. August 13.30 &#8211; 17.00 Uhr<br \/>\nTg der OFFENEN T\u00dcR E-WERKe Gamperdona<\/h5>\n<h5>3. August 17.00 Uhr<\/h5>\n<p>Alpk\u00e4seanschnitt, Senntum Gamperdona<\/p>\n<h5>7. September\u00a0 8.00 Uhr<\/h5>\n<p>Ersatztermin Arbeitseinsatz &#8222;Fronen&#8220; H\u00fcttenbesitzer, Senntum Gamperdona<\/p>\n<p>&nbsp;<\/p>\n","protected":false},"excerpt":{"rendered":"<p>6. Juni ganztags Alpauffahrt der K\u00fche, Senntum Gamperdona 8. Juni 8.00 Uhr Arbeitseinsatz \u00a0&#8222;Fronen&#8220; H\u00fcttenbesitzer, Senntum Gamperdona Juni Aktion Germer Freiwillige sind zu dieser Aktion herzlich eingeladen!\u00a0\u00a0Es gibt auch die M\u00f6glichkeit den Frondienst im Rahmen dieser M\u00e4haktion abzuleisten. Interessierte und Freiwillige k\u00f6nnen uns gerne eine email schicken. F\u00fcr den Arbeitseinsatz &#8222;Aktion Germer&#8220; erbeten wir eine &hellip; <\/p>\n<p class=\"link-more\"><a href=\"https:\/\/agrar-nenzing.at\/?p=2678\" class=\"more-link\"><span class=\"screen-reader-text\">\u201e2019 Termine Nenzinger Himmel\u201c <\/span>weiterlesen<\/a><\/p>\n","protected":false},"author":75,"featured_media":999,"comment_status":"closed","ping_status":"closed","sticky":false,"template":"","format":"standard","meta":{"footnotes":""},"categories":[44],"tags":[],"class_list":["post-2678","post","type-post","status-publish","format-standard","has-post-thumbnail","hentry","category-huetten"],"_links":{"self":[{"href":"https:\/\/agrar-nenzing.at\/index.php?rest_route=\/wp\/v2\/posts\/2678","targetHints":{"allow":["GET"]}}],"collection":[{"href":"https:\/\/agrar-nenzing.at\/index.php?rest_route=\/wp\/v2\/posts"}],"about":[{"href":"https:\/\/agrar-nenzing.at\/index.php?rest_route=\/wp\/v2\/types\/post"}],"author":[{"embeddable":true,"href":"https:\/\/agrar-nenzing.at\/index.php?rest_route=\/wp\/v2\/users\/75"}],"replies":[{"embeddable":true,"href":"https:\/\/agrar-nenzing.at\/index.php?rest_route=%2Fwp%2Fv2%2Fcomments&post=2678"}],"version-history":[{"count":5,"href":"https:\/\/agrar-nenzing.at\/index.php?rest_route=\/wp\/v2\/posts\/2678\/revisions"}],"predecessor-version":[{"id":2711,"href":"https:\/\/agrar-nenzing.at\/index.php?rest_route=\/wp\/v2\/posts\/2678\/revisions\/2711"}],"wp:featuredmedia":[{"embeddable":true,"href":"https:\/\/agrar-nenzing.at\/index.php?rest_route=\/wp\/v2\/media\/999"}],"wp:attachment":[{"href":"https:\/\/agrar-nenzing.at\/index.php?rest_route=%2Fwp%2Fv2%2Fmedia&parent=2678"}],"wp:term":[{"taxonomy":"category","embeddable":true,"href":"https:\/\/agrar-nenzing.at\/index.php?rest_route=%2Fwp%2Fv2%2Fcategories&post=2678"},{"taxonomy":"post_tag","embeddable":true,"href":"https:\/\/agrar-nenzing.at\/index.php?rest_route=%2Fwp%2Fv2%2Ftags&post=2678"}],"curies":[{"name":"wp","href":"https:\/\/api.w.org\/{rel}","templated":true}]}}