{"id":3167,"date":"2020-04-09T08:54:20","date_gmt":"2020-04-09T08:54:20","guid":{"rendered":"https:\/\/agrar-nenzing.at\/?p=3167"},"modified":"2020-04-23T10:12:31","modified_gmt":"2020-04-23T10:12:31","slug":"gueterweggenossenschaft-nenzing-gamperdonaweg-sperre-gamperdonaweg-bis-auf-weiteres-aufrecht","status":"publish","type":"post","link":"https:\/\/agrar-nenzing.at\/?p=3167","title":{"rendered":"G\u00fcterweggenossenschaft Nenzing-Gamperdonaweg &#8211;  Sperre Gamperdonaweg bis auf weiteres aufrecht"},"content":{"rendered":"<div>Sehr geehrte Damen und Herren, liebe H\u00fcttenbesitzer und Nenzingerinnen und Nenzinger,<\/div>\n<div><\/div>\n<div><\/div>\n<p>aufgrund des \u00a7 1 der nach wie vor geltenden Verordnung des Bundesministers f\u00fcr Soziales, Gesundheit, Pflege und Konsumentenschutz gem\u00e4\u00df \u00a7 2 Z 1 des Covid-19 Ma\u00dfnahmengesetzes, BGBL II Nr 98\/2020 idgF <u>ist das Betreten \u00f6ffentlicher Orte verboten<\/u>.<\/p>\n<p><em><strong>Wir sind angehalten, den Weg nicht zu \u00f6ffnen.<\/strong> <\/em>Wir bitten um Verst\u00e4ndnis f\u00fcr diese Einschr\u00e4nkungen der Bewegungsfreiheit im \u00f6ffentlichen Raum im Interesse der Eind\u00e4mmung der Ausbreitung von Covid-19. Weitere Infos und aktuelle Bestimmungen werden auf unserer homepage <u><a href=\"https:\/\/www.agrar-nenzing.at\/\">www.agrar-nenzing.at<\/a><\/u> laufend aktualisieren.<\/p>\n<p>F\u00fcr die G\u00fcterweggenossenschaft Nenzing-Gamperdonaweg<br \/>\nObmann Josef Latzer, Wegmeister DI Siegbert Terzer<\/p>\n<div><\/div>\n<div><\/div>\n<h6><u>Nachfolgend das Schreiben der BH Bludenz vom 8.4.2020 zur Kenntnis<\/u>.<\/h6>\n<div><\/div>\n<pre>Sehr geehrter Herr Obmann Latzer, \r\nsehr geehrter Herr Gesch\u00e4ftsf\u00fchrer DI Terzer, \u00a0 \r\n\r\nder Bezirkshauptmannschaft Bludenz ist bekannt geworden, dass offensichtlich der Nenzinger Himmel f\u00fcr die Besitzer vonFerienh\u00e4usern ge\u00f6ffnet worden ist. \r\n\r\nSeitens der Bezirkshauptmannschaft Bludenz wird jedoch eindringlich darauf hingewiesen, dass aufgrund des \u00a7 1 der nachwie vor geltenden Verordnung des Bundesministers f\u00fcr Soziales, Gesundheit, Pflege und Konsumentenschutz gem\u00e4\u00df \u00a7 2 Z 1 des Covid-19 Ma\u00dfnahmengesetzes, BGBL II Nr 98\/2020 idgF dasBetreten \u00f6ffentlicher Orte verboten ist. \u00a0 \r\n\r\n<i>Von diesem Verbot ausgenommen sind lediglich Betretungen <\/i>\r\n\r\n- zur Abwendung einer unmittelbaren Gefahr f\u00fcr Leib und Leben \r\n- zur Hilfe f\u00fcr unterst\u00fctzungsbed\u00fcrftige Personen \r\n- zur Deckung der Grundbed\u00fcrfnisse des t\u00e4glichen Lebens \r\n- zur unbedingt erforderlichen Berufsaus\u00fcbung und \r\n- f\u00fcr Spazierg\u00e4nge alleine oder mit Personen aus dem gemeinsamen Haushalt. \r\n\r\n<i>Dabei sind die Abstandsregelungen einzuhalten. <\/i>\r\n\r\nAus den angef\u00fchrten Gr\u00fcnden werden Sie dringlich ersucht, \r\nden Nenzinger Himmel nicht f\u00fcr die Besitzer von Ferienh\u00e4usern zu \u00f6ffnen, da <em><strong>Fahrten zum Zweck des Aufsuchens von Ferienwohnsitzen\/Ferienh\u00e4usern etc. nicht zul\u00e4ssig sind.<\/strong><\/em> \r\n\r\nWir bitten um Verst\u00e4ndnis f\u00fcr diese Einschr\u00e4nkungen der Bewegungsfreiheit im \u00f6ffentlichen Raum im Interesse der Eind\u00e4mmung der Ausbreitung von Covid-19. Sie werden ersucht eine entsprechende Information auf ihrer Homepage bzw. auf sonstige geeignete Weise f\u00fcr die Ferienhausbesitzer bekanntzumachen. \r\n<i>Mit freundlichen Gr\u00fc\u00dfen <\/i>\r\n\r\n<i>Der Bezirkshauptmann <\/i>\r\n<i>Dr. Johannes N\u00f6bl<\/i>\r\n<\/pre>\n","protected":false},"excerpt":{"rendered":"<p>Sehr geehrte Damen und Herren, liebe H\u00fcttenbesitzer und Nenzingerinnen und Nenzinger, aufgrund des \u00a7 1 der nach wie vor geltenden Verordnung des Bundesministers f\u00fcr Soziales, Gesundheit, Pflege und Konsumentenschutz gem\u00e4\u00df \u00a7 2 Z 1 des Covid-19 Ma\u00dfnahmengesetzes, BGBL II Nr 98\/2020 idgF ist das Betreten \u00f6ffentlicher Orte verboten. Wir sind angehalten, den Weg nicht zu &hellip; <\/p>\n<p class=\"link-more\"><a href=\"https:\/\/agrar-nenzing.at\/?p=3167\" class=\"more-link\"><span class=\"screen-reader-text\">\u201eG\u00fcterweggenossenschaft Nenzing-Gamperdonaweg &#8211;  Sperre Gamperdonaweg bis auf weiteres aufrecht\u201c <\/span>weiterlesen<\/a><\/p>\n","protected":false},"author":75,"featured_media":0,"comment_status":"closed","ping_status":"closed","sticky":false,"template":"","format":"standard","meta":{"footnotes":""},"categories":[2],"tags":[],"class_list":["post-3167","post","type-post","status-publish","format-standard","hentry","category-mitglieder"],"_links":{"self":[{"href":"https:\/\/agrar-nenzing.at\/index.php?rest_route=\/wp\/v2\/posts\/3167","targetHints":{"allow":["GET"]}}],"collection":[{"href":"https:\/\/agrar-nenzing.at\/index.php?rest_route=\/wp\/v2\/posts"}],"about":[{"href":"https:\/\/agrar-nenzing.at\/index.php?rest_route=\/wp\/v2\/types\/post"}],"author":[{"embeddable":true,"href":"https:\/\/agrar-nenzing.at\/index.php?rest_route=\/wp\/v2\/users\/75"}],"replies":[{"embeddable":true,"href":"https:\/\/agrar-nenzing.at\/index.php?rest_route=%2Fwp%2Fv2%2Fcomments&post=3167"}],"version-history":[{"count":5,"href":"https:\/\/agrar-nenzing.at\/index.php?rest_route=\/wp\/v2\/posts\/3167\/revisions"}],"predecessor-version":[{"id":3182,"href":"https:\/\/agrar-nenzing.at\/index.php?rest_route=\/wp\/v2\/posts\/3167\/revisions\/3182"}],"wp:attachment":[{"href":"https:\/\/agrar-nenzing.at\/index.php?rest_route=%2Fwp%2Fv2%2Fmedia&parent=3167"}],"wp:term":[{"taxonomy":"category","embeddable":true,"href":"https:\/\/agrar-nenzing.at\/index.php?rest_route=%2Fwp%2Fv2%2Fcategories&post=3167"},{"taxonomy":"post_tag","embeddable":true,"href":"https:\/\/agrar-nenzing.at\/index.php?rest_route=%2Fwp%2Fv2%2Ftags&post=3167"}],"curies":[{"name":"wp","href":"https:\/\/api.w.org\/{rel}","templated":true}]}}