{"id":5175,"date":"2026-03-26T09:49:51","date_gmt":"2026-03-26T09:49:51","guid":{"rendered":"https:\/\/agrar-nenzing.at\/?p=5175"},"modified":"2026-03-26T09:49:51","modified_gmt":"2026-03-26T09:49:51","slug":"gueterweggenossenschaft-nenzing-gamperdonaweg-wegoeffnung","status":"publish","type":"post","link":"https:\/\/agrar-nenzing.at\/?p=5175","title":{"rendered":"G\u00fcterweggenossenschaft Nenzing Gamperdonaweg \u2013 Weg\u00f6ffnung"},"content":{"rendered":"<p>Die Agrargemeinschaft Nenzing teilt mit, dass die Befahrung des Gamperdonaweges bei guter Witterung f\u00fcr Berechtigte mit g\u00fcltigem Berechtigungsschein <strong>ab Karfreitag, 3. April 2026 ab 13.00 Uhr <\/strong>m\u00f6glich ist.<\/p>\n<p>Mit witterungs- und arbeitsbedingten kurzfristigen Sperren muss jedoch jederzeit gerechnet werden.<\/p>\n<p>Es gelten die allgemeinen Befahrungsrichtlinien. F\u00fcr die Befahrung ist ein g\u00fcltiger Berechtigungsschein erforderlich. Die Jahresberechtigungsscheine k\u00f6nnen auf unserer Homepage angefordert oder zu den B\u00fcrozeiten am Dienstag und Donnerstag zwischen 8.00 und 12.00 Uhr abgeholt werden.<\/p>\n<p>&nbsp;<\/p>\n<p>Der Wegmeister DI Siegbert Terzer<\/p>\n<p>&nbsp;<\/p>\n<p><img loading=\"lazy\" decoding=\"async\" class=\"alignnone size-full wp-image-3947\" src=\"https:\/\/agrar-nenzing.at\/wp-content\/uploads\/2022\/04\/Gamperdonaweg-e1653295832216.jpg\" alt=\"\" width=\"1250\" height=\"841\" srcset=\"https:\/\/agrar-nenzing.at\/wp-content\/uploads\/2022\/04\/Gamperdonaweg-e1653295832216.jpg 1250w, https:\/\/agrar-nenzing.at\/wp-content\/uploads\/2022\/04\/Gamperdonaweg-e1653295832216-300x202.jpg 300w, https:\/\/agrar-nenzing.at\/wp-content\/uploads\/2022\/04\/Gamperdonaweg-e1653295832216-1024x689.jpg 1024w, https:\/\/agrar-nenzing.at\/wp-content\/uploads\/2022\/04\/Gamperdonaweg-e1653295832216-768x517.jpg 768w\" sizes=\"auto, (max-width: 767px) 89vw, (max-width: 1000px) 54vw, (max-width: 1071px) 543px, 580px\" \/><\/p>\n","protected":false},"excerpt":{"rendered":"<p>Die Agrargemeinschaft Nenzing teilt mit, dass die Befahrung des Gamperdonaweges bei guter Witterung f\u00fcr Berechtigte mit g\u00fcltigem Berechtigungsschein ab Karfreitag, 3. April 2026 ab 13.00 Uhr m\u00f6glich ist. Mit witterungs- und arbeitsbedingten kurzfristigen Sperren muss jedoch jederzeit gerechnet werden. Es gelten die allgemeinen Befahrungsrichtlinien. F\u00fcr die Befahrung ist ein g\u00fcltiger Berechtigungsschein erforderlich. Die Jahresberechtigungsscheine k\u00f6nnen &hellip; <\/p>\n<p class=\"link-more\"><a href=\"https:\/\/agrar-nenzing.at\/?p=5175\" class=\"more-link\"><span class=\"screen-reader-text\">\u201eG\u00fcterweggenossenschaft Nenzing Gamperdonaweg \u2013 Weg\u00f6ffnung\u201c <\/span>weiterlesen<\/a><\/p>\n","protected":false},"author":75,"featured_media":0,"comment_status":"closed","ping_status":"closed","sticky":false,"template":"","format":"standard","meta":{"footnotes":""},"categories":[2],"tags":[],"class_list":["post-5175","post","type-post","status-publish","format-standard","hentry","category-mitglieder"],"_links":{"self":[{"href":"https:\/\/agrar-nenzing.at\/index.php?rest_route=\/wp\/v2\/posts\/5175","targetHints":{"allow":["GET"]}}],"collection":[{"href":"https:\/\/agrar-nenzing.at\/index.php?rest_route=\/wp\/v2\/posts"}],"about":[{"href":"https:\/\/agrar-nenzing.at\/index.php?rest_route=\/wp\/v2\/types\/post"}],"author":[{"embeddable":true,"href":"https:\/\/agrar-nenzing.at\/index.php?rest_route=\/wp\/v2\/users\/75"}],"replies":[{"embeddable":true,"href":"https:\/\/agrar-nenzing.at\/index.php?rest_route=%2Fwp%2Fv2%2Fcomments&post=5175"}],"version-history":[{"count":1,"href":"https:\/\/agrar-nenzing.at\/index.php?rest_route=\/wp\/v2\/posts\/5175\/revisions"}],"predecessor-version":[{"id":5176,"href":"https:\/\/agrar-nenzing.at\/index.php?rest_route=\/wp\/v2\/posts\/5175\/revisions\/5176"}],"wp:attachment":[{"href":"https:\/\/agrar-nenzing.at\/index.php?rest_route=%2Fwp%2Fv2%2Fmedia&parent=5175"}],"wp:term":[{"taxonomy":"category","embeddable":true,"href":"https:\/\/agrar-nenzing.at\/index.php?rest_route=%2Fwp%2Fv2%2Fcategories&post=5175"},{"taxonomy":"post_tag","embeddable":true,"href":"https:\/\/agrar-nenzing.at\/index.php?rest_route=%2Fwp%2Fv2%2Ftags&post=5175"}],"curies":[{"name":"wp","href":"https:\/\/api.w.org\/{rel}","templated":true}]}}