{"id":540,"date":"2017-02-24T07:48:35","date_gmt":"2017-02-24T07:48:35","guid":{"rendered":"http:\/\/agrar-nenzing.at\/?p=540"},"modified":"2022-07-13T09:22:36","modified_gmt":"2022-07-13T09:22:36","slug":"schul-wald-schwarze-stoeck","status":"publish","type":"post","link":"https:\/\/agrar-nenzing.at\/?p=540","title":{"rendered":"Schul &#8211; Wald Schwarze St\u00f6ck"},"content":{"rendered":"<p>Im Schul &#8211;\u00a0Wald Schwarze St\u00f6ck wachsen haupts\u00e4chlich <em>Esche und Ulme. <\/em>Das Eschentriebsterben ist f\u00fcr den Auwald Schwarze St\u00f6ck ein gro\u00dfes Problem. Ausl\u00f6ser ist der Pilz &gt;falsches wei\u00dfes Stengelbecherchen&lt;, der sich aufgrund der Klimaerw\u00e4rmung ausbreitet. Die Verbreitung erfolgt \u00fcber Sporen in der Luft. Die kranken sowie abgestorbenen Eschen wurden 2015\u00a0 im Auwald entfernt. Der gesunde Baumbestand wird nun gest\u00e4rkt und\u00a0Schulkinder pflanzen und betreuen folgende Baumarten:<\/p>\n<p><em>Stieleiche, Bergahorn, Kirsche, Walnuss, Linde, Pappel sowie die Pionierh\u00f6lzer Birke und Weide <\/em><\/p>\n<p><strong>Paten der Jungb\u00e4ume sind die Kinder\u00a0<\/strong>der Volkschule Beschling, Gurtis, Halden, Nenzing und Sportmittelschule Nenzing<\/p>\n<p><a href=\"http:\/\/www.esche-in-not.at\/\" target=\"_blank\" rel=\"noopener\">mehr Informationen zum Eschensterben<\/a> und auf <a href=\"https:\/\/www.youtube.com\/watch?v=zW8-PkC_uPI\" target=\"_blank\" rel=\"noopener\">https:\/\/www.youtube.com<\/a><\/p>\n<p>&nbsp;<\/p>\n","protected":false},"excerpt":{"rendered":"<p>Im Schul &#8211;\u00a0Wald Schwarze St\u00f6ck wachsen haupts\u00e4chlich Esche und Ulme. Das Eschentriebsterben ist f\u00fcr den Auwald Schwarze St\u00f6ck ein gro\u00dfes Problem. Ausl\u00f6ser ist der Pilz &gt;falsches wei\u00dfes Stengelbecherchen&lt;, der sich aufgrund der Klimaerw\u00e4rmung ausbreitet. Die Verbreitung erfolgt \u00fcber Sporen in der Luft. Die kranken sowie abgestorbenen Eschen wurden 2015\u00a0 im Auwald entfernt. Der gesunde Baumbestand &hellip; <\/p>\n<p class=\"link-more\"><a href=\"https:\/\/agrar-nenzing.at\/?p=540\" class=\"more-link\"><span class=\"screen-reader-text\">\u201eSchul &#8211; Wald Schwarze St\u00f6ck\u201c <\/span>weiterlesen<\/a><\/p>\n","protected":false},"author":75,"featured_media":545,"comment_status":"open","ping_status":"closed","sticky":false,"template":"","format":"standard","meta":{"footnotes":""},"categories":[36],"tags":[],"class_list":["post-540","post","type-post","status-publish","format-standard","has-post-thumbnail","hentry","category-wald"],"_links":{"self":[{"href":"https:\/\/agrar-nenzing.at\/index.php?rest_route=\/wp\/v2\/posts\/540","targetHints":{"allow":["GET"]}}],"collection":[{"href":"https:\/\/agrar-nenzing.at\/index.php?rest_route=\/wp\/v2\/posts"}],"about":[{"href":"https:\/\/agrar-nenzing.at\/index.php?rest_route=\/wp\/v2\/types\/post"}],"author":[{"embeddable":true,"href":"https:\/\/agrar-nenzing.at\/index.php?rest_route=\/wp\/v2\/users\/75"}],"replies":[{"embeddable":true,"href":"https:\/\/agrar-nenzing.at\/index.php?rest_route=%2Fwp%2Fv2%2Fcomments&post=540"}],"version-history":[{"count":5,"href":"https:\/\/agrar-nenzing.at\/index.php?rest_route=\/wp\/v2\/posts\/540\/revisions"}],"predecessor-version":[{"id":4058,"href":"https:\/\/agrar-nenzing.at\/index.php?rest_route=\/wp\/v2\/posts\/540\/revisions\/4058"}],"wp:featuredmedia":[{"embeddable":true,"href":"https:\/\/agrar-nenzing.at\/index.php?rest_route=\/wp\/v2\/media\/545"}],"wp:attachment":[{"href":"https:\/\/agrar-nenzing.at\/index.php?rest_route=%2Fwp%2Fv2%2Fmedia&parent=540"}],"wp:term":[{"taxonomy":"category","embeddable":true,"href":"https:\/\/agrar-nenzing.at\/index.php?rest_route=%2Fwp%2Fv2%2Fcategories&post=540"},{"taxonomy":"post_tag","embeddable":true,"href":"https:\/\/agrar-nenzing.at\/index.php?rest_route=%2Fwp%2Fv2%2Ftags&post=540"}],"curies":[{"name":"wp","href":"https:\/\/api.w.org\/{rel}","templated":true}]}}