{"id":5406,"date":"2026-09-04T08:26:55","date_gmt":"2026-09-04T08:26:55","guid":{"rendered":"https:\/\/agrar-nenzing.at\/?p=5406"},"modified":"2026-09-04T08:26:55","modified_gmt":"2026-09-04T08:26:55","slug":"alpabfahrt-der-mutterkuehe-am-samstag-12-september-2026","status":"publish","type":"post","link":"https:\/\/agrar-nenzing.at\/?p=5406","title":{"rendered":"Alpabfahrt der Mutterk\u00fche am Samstag, 12. September 2026"},"content":{"rendered":"<header class=\"entry-header\">\n<h1 class=\"entry-title\"><strong><span style=\"font-size: 1rem;\">Die Alpabfahrt der Mutterk\u00fche erfolgt am Samstag, 12. September 2026.<\/span><\/strong><\/h1>\n<\/header>\n<div class=\"entry-content\">\n<p>Von 8.30 Uhr bis 9.30 Uhr ist der Gamperdonaweg vom Agrargeb\u00e4ude bis zur Abzweigung Nenzingerberg gesperrt!<\/p>\n<p>Wir danken f\u00fcr Ihre R\u00fccksichtnahme.<\/p>\n<\/div>\n","protected":false},"excerpt":{"rendered":"<p>Die Alpabfahrt der Mutterk\u00fche erfolgt am Samstag, 12. September 2026. Von 8.30 Uhr bis 9.30 Uhr ist der Gamperdonaweg vom Agrargeb\u00e4ude bis zur Abzweigung Nenzingerberg gesperrt! Wir danken f\u00fcr Ihre R\u00fccksichtnahme.<\/p>\n","protected":false},"author":75,"featured_media":0,"comment_status":"closed","ping_status":"closed","sticky":false,"template":"","format":"standard","meta":{"footnotes":"","_members_access_role":[],"_members_access_error":""},"categories":[2],"tags":[],"class_list":["post-5406","post","type-post","status-publish","format-standard","hentry","category-mitglieder"],"_links":{"self":[{"href":"https:\/\/agrar-nenzing.at\/index.php?rest_route=\/wp\/v2\/posts\/5406","targetHints":{"allow":["GET"]}}],"collection":[{"href":"https:\/\/agrar-nenzing.at\/index.php?rest_route=\/wp\/v2\/posts"}],"about":[{"href":"https:\/\/agrar-nenzing.at\/index.php?rest_route=\/wp\/v2\/types\/post"}],"author":[{"embeddable":true,"href":"https:\/\/agrar-nenzing.at\/index.php?rest_route=\/wp\/v2\/users\/75"}],"replies":[{"embeddable":true,"href":"https:\/\/agrar-nenzing.at\/index.php?rest_route=%2Fwp%2Fv2%2Fcomments&post=5406"}],"version-history":[{"count":3,"href":"https:\/\/agrar-nenzing.at\/index.php?rest_route=\/wp\/v2\/posts\/5406\/revisions"}],"predecessor-version":[{"id":5409,"href":"https:\/\/agrar-nenzing.at\/index.php?rest_route=\/wp\/v2\/posts\/5406\/revisions\/5409"}],"wp:attachment":[{"href":"https:\/\/agrar-nenzing.at\/index.php?rest_route=%2Fwp%2Fv2%2Fmedia&parent=5406"}],"wp:term":[{"taxonomy":"category","embeddable":true,"href":"https:\/\/agrar-nenzing.at\/index.php?rest_route=%2Fwp%2Fv2%2Fcategories&post=5406"},{"taxonomy":"post_tag","embeddable":true,"href":"https:\/\/agrar-nenzing.at\/index.php?rest_route=%2Fwp%2Fv2%2Ftags&post=5406"}],"curies":[{"name":"wp","href":"https:\/\/api.w.org\/{rel}","templated":true}]}}