{"id":746,"date":"2017-03-30T06:18:53","date_gmt":"2017-03-30T06:18:53","guid":{"rendered":"http:\/\/agrar-nenzing.at\/?p=746"},"modified":"2017-03-30T06:45:15","modified_gmt":"2017-03-30T06:45:15","slug":"gamperdonaweg-bis-stellfeder-wegsperre","status":"publish","type":"post","link":"https:\/\/agrar-nenzing.at\/?p=746","title":{"rendered":"Gamperdonaweg bis Stellfeder &#8211; Wegsperre"},"content":{"rendered":"<p>Wegen dringender Asphaltsanierungsarbeiten muss der Gamperdonaweg ab Dienstag, dem 3. April f\u00fcr ca. 2 Wochen gesperrt werden. Die Sperre dauert jeweils von 8.00 bis 17.00 Uhr. Davor und danach, sowie an den Wochenenden, ist der Weg mit baustellen\u00fcblichen Einschr\u00e4nkungen befahrbar. Da witterungsbedingt Terminverschiebungen m\u00f6glich sind, beachten sie bitte die aktuellen Informationen auf der <a href=\"http:\/\/www.marktgemeinde-nenzing.com\/Startseite\/\">Homepage der Gemeinde<\/a>. Das Baulos beginnt ab H\u00f6he Agrargeb\u00e4ude und reicht bis zur ersten Kehre. Die Firma Hilti &amp; Jehle BauGmbH wurde mit den Arbeiten beauftragt.<\/p>\n<p>Das Bauamt, Marktgemeinde Nenzing<\/p>\n","protected":false},"excerpt":{"rendered":"<p>Wegen dringender Asphaltsanierungsarbeiten muss der Gamperdonaweg ab Dienstag, dem 3. April f\u00fcr ca. 2 Wochen gesperrt werden. Die Sperre dauert jeweils von 8.00 bis 17.00 Uhr. Davor und danach, sowie an den Wochenenden, ist der Weg mit baustellen\u00fcblichen Einschr\u00e4nkungen befahrbar. Da witterungsbedingt Terminverschiebungen m\u00f6glich sind, beachten sie bitte die aktuellen Informationen auf der Homepage der &hellip; <\/p>\n<p class=\"link-more\"><a href=\"https:\/\/agrar-nenzing.at\/?p=746\" class=\"more-link\"><span class=\"screen-reader-text\">\u201eGamperdonaweg bis Stellfeder &#8211; Wegsperre\u201c <\/span>weiterlesen<\/a><\/p>\n","protected":false},"author":2,"featured_media":0,"comment_status":"open","ping_status":"closed","sticky":false,"template":"","format":"standard","meta":{"footnotes":""},"categories":[37,39,12],"tags":[13],"class_list":["post-746","post","type-post","status-publish","format-standard","hentry","category-gamperdonaweg","category-gemeinde","category-wege","tag-gamperdonaweg"],"_links":{"self":[{"href":"https:\/\/agrar-nenzing.at\/index.php?rest_route=\/wp\/v2\/posts\/746","targetHints":{"allow":["GET"]}}],"collection":[{"href":"https:\/\/agrar-nenzing.at\/index.php?rest_route=\/wp\/v2\/posts"}],"about":[{"href":"https:\/\/agrar-nenzing.at\/index.php?rest_route=\/wp\/v2\/types\/post"}],"author":[{"embeddable":true,"href":"https:\/\/agrar-nenzing.at\/index.php?rest_route=\/wp\/v2\/users\/2"}],"replies":[{"embeddable":true,"href":"https:\/\/agrar-nenzing.at\/index.php?rest_route=%2Fwp%2Fv2%2Fcomments&post=746"}],"version-history":[{"count":5,"href":"https:\/\/agrar-nenzing.at\/index.php?rest_route=\/wp\/v2\/posts\/746\/revisions"}],"predecessor-version":[{"id":819,"href":"https:\/\/agrar-nenzing.at\/index.php?rest_route=\/wp\/v2\/posts\/746\/revisions\/819"}],"wp:attachment":[{"href":"https:\/\/agrar-nenzing.at\/index.php?rest_route=%2Fwp%2Fv2%2Fmedia&parent=746"}],"wp:term":[{"taxonomy":"category","embeddable":true,"href":"https:\/\/agrar-nenzing.at\/index.php?rest_route=%2Fwp%2Fv2%2Fcategories&post=746"},{"taxonomy":"post_tag","embeddable":true,"href":"https:\/\/agrar-nenzing.at\/index.php?rest_route=%2Fwp%2Fv2%2Ftags&post=746"}],"curies":[{"name":"wp","href":"https:\/\/api.w.org\/{rel}","templated":true}]}}